{"id":367979,"date":"2026-09-06T05:50:30","date_gmt":"2026-09-06T05:50:30","guid":{"rendered":"https:\/\/www.europesays.com\/se\/367979\/"},"modified":"2026-09-06T05:50:30","modified_gmt":"2026-09-06T05:50:30","slug":"tate-atalas-for-trafficking-och-valdtakt-av-barn-2","status":"publish","type":"post","link":"https:\/\/www.europesays.com\/se\/367979\/","title":{"rendered":"Tate \u00e5talas f\u00f6r trafficking och v\u00e5ldt\u00e4kt av barn"},"content":{"rendered":"<p>39-\u00e5rige Tate, kontroversiell influerare inom den s\u00e5 kallade manosf\u00e4ren, \u00e5talas ocks\u00e5 f\u00f6r v\u00e5ldt\u00e4kt av minst tv\u00e5 minder\u00e5riga samt vittnesp\u00e5verkan. Hans bror Tristan Tate, 38, \u00e5talas f\u00f6r medverkan i flera av brotten.<\/p>\n<p>Enligt <a id=\"2XT2FsnVvHdVL5Co\" href=\"https:\/\/www.diicot.ro\/mass-media\/6590-comunicat-de-presa-04-09-2026\" rel=\"nofollow noopener\" target=\"_blank\">ett pressmeddelande<\/a> har Andrew Tate bland annat pressat en 15-\u00e5rig flicka till att producera pornografiskt material, bland annat genom fysiskt, psykiskt och ekonomiskt v\u00e5ld. Via flickan \u2013 som mellan 2012 och 2021 kontrollerats, \u00f6vervakats och f\u00f6rts i skytteltrafik mellan Storbritannien och Rum\u00e4nien \u2013 ska br\u00f6derna ha dragit in \u00f6ver 1,25 miljoner dollar. F\u00f6r pengarna uppges de ha k\u00f6pt minst fyra lyxbilar som nu f\u00f6rverkas av rum\u00e4nska \u00e5klagare.<\/p>\n<p>Tate \u00e5talas ocks\u00e5 f\u00f6r upprepade v\u00e5ldt\u00e4kter av en annan minder\u00e5rig flicka, ocks\u00e5 hon 15 \u00e5r gammal. Samtliga brott i \u00e5talet har beg\u00e5tts mellan 2012 och 2021.<\/p>\n<p>Stor f\u00f6ljarskara<\/p>\n<p>Den sj\u00e4lvutn\u00e4mnda kvinnohataren Andrew Tate s\u00e5lde tidigare \u201dkurser\u201d i hur m\u00e4n kan tvinga kvinnor att jobba som \u201dwebcammodeller\u201d. Han har bland annat h\u00e4vdat att kvinnor b\u00e4r ansvaret om de v\u00e5ldtas och att gifta kvinnor tillh\u00f6r sina makar.<\/p>\n<p>Br\u00f6derna Tate, som har brittiskt och amerikanskt medborgarskap, sitter just nu h\u00e4ktade i Florida, USA f\u00f6r anklagelser om v\u00e5ldt\u00e4kt och sexhandel. Storbritannien har beg\u00e4rt dem utl\u00e4mnade f\u00f6r att st\u00e4llas inf\u00f6r brittisk domstol f\u00f6r totalt 59 brott, d\u00e4ribland flera fall av v\u00e5ldt\u00e4kt samt spridning av \u201dextrem\u201d pornografi och \u00f6vergreppsmaterial p\u00e5 barn. De nekar till brott.<\/p>\n<p>Trots en l\u00e5ng rad anklagelser genom \u00e5ren har framf\u00f6r allt Andrew Tate fortsatt en stor f\u00f6ljarskara p\u00e5 internet. Den best\u00e5r fr\u00e4mst av m\u00e4n som ing\u00e5r i \u201dmanosf\u00e4ren\u201d, digitala n\u00e4tverk och forum p\u00e5 n\u00e4tet som kretsar kring hypermaskulinitet, kvinnohat, manlig dominans och traditionella k\u00f6nsnormer.<\/p>\n<p>Trumpkopplingar<\/p>\n<p>H\u00e4romveckan samlades n\u00e5gra av Tates anh\u00e4ngare f\u00f6r att protestera mot r\u00e4ttsprocessen mot br\u00f6derna \u2013 genom att g\u00f6ra armh\u00e4vningar utanf\u00f6r h\u00e4ktet i Miami.<\/p>\n<p>Br\u00f6derna Tate anl\u00e4nde till USA i februari 2025, sedan rum\u00e4nska myndigheter h\u00e4vt deras d\u00e5varande reserestriktioner. Enligt amerikanska medier ska Trumpregeringen ha lobbat f\u00f6r att rum\u00e4nska myndigheter skulle l\u00e4tta p\u00e5 restriktionerna.<\/p>\n<p>Andrew Tate, som st\u00f6ttade Donald Trump inf\u00f6r valet 2024, <a id=\"xW9pnEXGVfm4X89R\" href=\"https:\/\/www.npr.org\/2026\/08\/12\/nx-s1-5902974\/andrew-tate-tristan-extradition-maga-trump-political-ties\" rel=\"nofollow noopener\" target=\"_blank\">rapporteras<\/a> ha n\u00e4ra relationer med flera personer i kretsen kring presidenten.<\/p>\n<p>\u2013 Jag \u00e4r v\u00e4ldigt n\u00e4ra Trumpfamiljen. Jag k\u00e4nner dem v\u00e4l, <a id=\"StDJk3FTDx6ssthx\" href=\"https:\/\/www.youtube.com\/watch?v=zS1Gi2jPfFQ\" rel=\"nofollow noopener\" target=\"_blank\">sade<\/a> Tate till reportrar i Rum\u00e4nien i juli 2024.<\/p>\n<p><img alt=\"Br\u00f6derna Tates advokat Joseph McBride och anh\u00e4ngare av br\u00f6derna utanf\u00f6r en domstol i Miami i augusti.\" loading=\"lazy\" width=\"1920\" height=\"1200\" decoding=\"async\" data-nimg=\"1\" style=\"color:transparent;max-width:100%;width:100%\"   src=\"https:\/\/www.europesays.com\/se\/wp-content\/uploads\/2026\/09\/1_cVR40jTQkPldo1nNw5pzLzYfOs-REGULAR.jpg\"\/>Br\u00f6derna Tates advokat Joseph McBride och anh\u00e4ngare av br\u00f6derna utanf\u00f6r en domstol i Miami i augusti. Bild: Lynne Sladky\/AP\/TT <img alt=\"R\u00e4ttsprocessen mot Tristan och Andrew Tate har p\u00e5g\u00e5tt l\u00e4nge. H\u00e4r l\u00e4mnar br\u00f6derna en domstol i Bukarest efter att ha placerats i husarrest i augusti 2024.\" loading=\"lazy\" width=\"1920\" height=\"1200\" decoding=\"async\" data-nimg=\"1\" style=\"color:transparent;max-width:100%;width:100%\"   src=\"https:\/\/www.europesays.com\/se\/wp-content\/uploads\/2026\/09\/2zh3scTYDaFL-ep0D4faKzwFdpCY-REGULAR.jpg\"\/>R\u00e4ttsprocessen mot Tristan och Andrew Tate har p\u00e5g\u00e5tt l\u00e4nge. H\u00e4r l\u00e4mnar br\u00f6derna en domstol i Bukarest efter att ha placerats i husarrest i augusti 2024. Bild: Alexandru Dobre\/AP\/TT <\/p>\n","protected":false},"excerpt":{"rendered":"39-\u00e5rige Tate, kontroversiell influerare inom den s\u00e5 kallade manosf\u00e4ren, \u00e5talas ocks\u00e5 f\u00f6r v\u00e5ldt\u00e4kt av minst tv\u00e5 minder\u00e5riga samt&hellip;\n","protected":false},"author":2,"featured_media":367980,"comment_status":"","ping_status":"","sticky":false,"template":"","format":"standard","meta":{"footnotes":"","_share_on_mastodon":"0"},"categories":[14],"tags":[22,23,26,27,17,21,24,25,28,29,15,16,18,34,31,33,32,30,19,20,51,52,53,54],"class_list":["post-367979","post","type-post","status-publish","format-standard","has-post-thumbnail","category-varlden","tag-breaking-news","tag-breakingnews","tag-featured-news","tag-featurednews","tag-headlines","tag-huvudnyheter","tag-latest-news","tag-latestnews","tag-main-news","tag-mainnews","tag-news","tag-nyheter","tag-rubriker","tag-se","tag-svenska","tag-sverige","tag-sweden","tag-swedish","tag-top-stories","tag-topstories","tag-varlden","tag-world","tag-world-news","tag-worldnews"],"share_on_mastodon":{"url":"https:\/\/pubeurope.com\/@se\/117222534793943610","error":""},"_links":{"self":[{"href":"https:\/\/www.europesays.com\/se\/wp-json\/wp\/v2\/posts\/367979","targetHints":{"allow":["GET"]}}],"collection":[{"href":"https:\/\/www.europesays.com\/se\/wp-json\/wp\/v2\/posts"}],"about":[{"href":"https:\/\/www.europesays.com\/se\/wp-json\/wp\/v2\/types\/post"}],"author":[{"embeddable":true,"href":"https:\/\/www.europesays.com\/se\/wp-json\/wp\/v2\/users\/2"}],"replies":[{"embeddable":true,"href":"https:\/\/www.europesays.com\/se\/wp-json\/wp\/v2\/comments?post=367979"}],"version-history":[{"count":0,"href":"https:\/\/www.europesays.com\/se\/wp-json\/wp\/v2\/posts\/367979\/revisions"}],"wp:featuredmedia":[{"embeddable":true,"href":"https:\/\/www.europesays.com\/se\/wp-json\/wp\/v2\/media\/367980"}],"wp:attachment":[{"href":"https:\/\/www.europesays.com\/se\/wp-json\/wp\/v2\/media?parent=367979"}],"wp:term":[{"taxonomy":"category","embeddable":true,"href":"https:\/\/www.europesays.com\/se\/wp-json\/wp\/v2\/categories?post=367979"},{"taxonomy":"post_tag","embeddable":true,"href":"https:\/\/www.europesays.com\/se\/wp-json\/wp\/v2\/tags?post=367979"}],"curies":[{"name":"wp","href":"https:\/\/api.w.org\/{rel}","templated":true}]}}