{"id":368077,"date":"2026-09-06T07:29:10","date_gmt":"2026-09-06T07:29:10","guid":{"rendered":"https:\/\/www.europesays.com\/se\/368077\/"},"modified":"2026-09-06T07:29:10","modified_gmt":"2026-09-06T07:29:10","slug":"erlingmark-om-janssons-besked-chockerande-allsvenskan","status":"publish","type":"post","link":"https:\/\/www.europesays.com\/se\/368077\/","title":{"rendered":"Erlingmark om Janssons besked: \u201dChockerande\u201d | Allsvenskan"},"content":{"rendered":"<p>Publicerad 6 sep 2026 kl 09.05<\/p>\n<p>Premium\u00c4nnu en nyckelperson l\u00e4mnar IFK G\u00f6teborg i form av Jesper Jansson.\u00a0<\/p>\n<p>Lagkaptenen August Erlingmark, 28, b\u00f6rjar bli van.\u00a0<\/p>\n<p>\u2013\u00a0Men det \u00e4r \u00e4nd\u00e5 chockerande. F\u00f6r Bl\u00e5vitt \u00e4r det ett tapp, s\u00e4ger mittbacken.\u00a0<\/p>\n<p><img   alt=\"\"\/><\/p>\n<p>August Erlingmark.<\/p>\n<p>Foto: AVDO BILKANOVIC \/ BILDBYR\u00c5N<\/p>\n<p>\u00d6ppna bild i helsk\u00e4rm<img loading=\"lazy\"   alt=\"\"\/><\/p>\n<p>Jesper Jansson.<\/p>\n<p>Foto: MICHAEL ERICHSEN \/ BILDBYR\u00c5N<\/p>\n<p>\u00d6ppna bild i helsk\u00e4rm<\/p>\n","protected":false},"excerpt":{"rendered":"Publicerad 6 sep 2026 kl 09.05 Premium\u00c4nnu en nyckelperson l\u00e4mnar IFK G\u00f6teborg i form av Jesper Jansson.\u00a0 Lagkaptenen&hellip;\n","protected":false},"author":2,"featured_media":368078,"comment_status":"","ping_status":"","sticky":false,"template":"","format":"standard","meta":{"footnotes":"","_share_on_mastodon":"0"},"categories":[68],"tags":[159,138,1102,103,34,111,110,31,33,32,30],"class_list":["post-368077","post","type-post","status-publish","format-standard","has-post-thumbnail","category-sport","tag-allsvenskan","tag-fotboll","tag-ifk-goteborg","tag-premium","tag-se","tag-sport","tag-sports","tag-svenska","tag-sverige","tag-sweden","tag-swedish"],"share_on_mastodon":{"url":"https:\/\/pubeurope.com\/@se\/117222923751098287","error":""},"_links":{"self":[{"href":"https:\/\/www.europesays.com\/se\/wp-json\/wp\/v2\/posts\/368077","targetHints":{"allow":["GET"]}}],"collection":[{"href":"https:\/\/www.europesays.com\/se\/wp-json\/wp\/v2\/posts"}],"about":[{"href":"https:\/\/www.europesays.com\/se\/wp-json\/wp\/v2\/types\/post"}],"author":[{"embeddable":true,"href":"https:\/\/www.europesays.com\/se\/wp-json\/wp\/v2\/users\/2"}],"replies":[{"embeddable":true,"href":"https:\/\/www.europesays.com\/se\/wp-json\/wp\/v2\/comments?post=368077"}],"version-history":[{"count":0,"href":"https:\/\/www.europesays.com\/se\/wp-json\/wp\/v2\/posts\/368077\/revisions"}],"wp:featuredmedia":[{"embeddable":true,"href":"https:\/\/www.europesays.com\/se\/wp-json\/wp\/v2\/media\/368078"}],"wp:attachment":[{"href":"https:\/\/www.europesays.com\/se\/wp-json\/wp\/v2\/media?parent=368077"}],"wp:term":[{"taxonomy":"category","embeddable":true,"href":"https:\/\/www.europesays.com\/se\/wp-json\/wp\/v2\/categories?post=368077"},{"taxonomy":"post_tag","embeddable":true,"href":"https:\/\/www.europesays.com\/se\/wp-json\/wp\/v2\/tags?post=368077"}],"curies":[{"name":"wp","href":"https:\/\/api.w.org\/{rel}","templated":true}]}}