{"id":368201,"date":"2026-09-06T09:33:08","date_gmt":"2026-09-06T09:33:08","guid":{"rendered":"https:\/\/www.europesays.com\/se\/368201\/"},"modified":"2026-09-06T09:33:08","modified_gmt":"2026-09-06T09:33:08","slug":"norge-nekas-insyn-i-trump-klagomalet-till-fifa-fotboll","status":"publish","type":"post","link":"https:\/\/www.europesays.com\/se\/368201\/","title":{"rendered":"Norge nekas insyn i Trump-klagom\u00e5let till Fifa | Fotboll"},"content":{"rendered":"<p>Uppdaterad 6 sep 2026 kl 11.05Publicerad 6 sep 2026 kl 10.39<\/p>\n<p>Hur det g\u00e5r med Norska fotbollsf\u00f6rbundets klagom\u00e5l om Fifas fredspris \u00e4r h\u00f6ljt i dunkel.\u00a0<\/p>\n<p>Fifa nekar Norge insyn i fr\u00e5gan, rapporterar <a href=\"https:\/\/www.thetimes.com\/sport\/football\/article\/fifa-norway-peace-prize-donald-trump-complaint-ethics-fxsdhcf7j\" rel=\"nofollow noopener\" target=\"_blank\">The Times. <\/a>\u00a0<\/p>\n<p><img   alt=\"\"\/><\/p>\n<p>Donald Trump efter att han tagit emot Fifas fredspris.<\/p>\n<p>Foto: Mandel Ngan \/ AP TT NYHETSBYR\u00c5N<\/p>\n<p>\u00d6ppna bild i helsk\u00e4rm<\/p>\n<p><a href=\"https:\/\/www.expressen.se\/tagg\/organization\/fifa\/\" class=\"\" rel=\"nofollow noopener\" target=\"_blank\">Fifas<\/a> fredspris till Donald Trump blev kritiserat av m\u00e5nga. Det norska fotbollsf\u00f6rbundet gick steget l\u00e4ngre och l\u00e4mnade, tillsammans med m\u00e4nniskor\u00e4ttsorganisationen Fairsquare, in ett officiellt klagom\u00e5l till Fifas etiska kommitt\u00e9.\u00a0<\/p>\n<p>I klagom\u00e5let tryckte f\u00f6rbundet p\u00e5 transparens och \u00f6nskade uppdateringar i arbetet med klagom\u00e5let.\u00a0<\/p>\n<p>Men det kommer de inte f\u00e5, rapporterar The Times med h\u00e4nvisning till ett svar fr\u00e5n den etiska kommitt\u00e9n.\u00a0<\/p>\n<p><img loading=\"lazy\"   alt=\"\"\/><\/p>\n<p>Norska fotbollsf\u00f6rbundets ordf\u00f6rande Lise Klaveness.<\/p>\n<p>Foto: VALERIAWITTERS \/ WITTERS BILDBYR\u00c5N<\/p>\n<p>\u00d6ppna bild i helsk\u00e4rm<\/p>\n<p>Martin Ngoga, en rwandisk diplomat och ordf\u00f6rande f\u00f6r utredningsenheten i Fifas etiska kommitt\u00e9, skriver till Norska fotbollsf\u00f6rbundet att han \u201derk\u00e4nner vikten av transparens\u201d.\u00a0<\/p>\n<p>Men:\u00a0<\/p>\n<p>\u201dEndast individer som \u00e4r f\u00f6rem\u00e5l f\u00f6r f\u00f6rfaranden betraktas som &#8217;parter&#8217; i s\u00e5dana f\u00f6rfaranden. Som ett resultat av detta, och med tanke p\u00e5 dess konfidentiella karakt\u00e4r, kan vi inte ge uppdateringar om f\u00f6rekomsten eller statusen f\u00f6r n\u00e5gra f\u00f6rfaranden\u201d.\u00a0<\/p>\n<p>Norge har ocks\u00e5 kr\u00e4vt att Fifa ska publicera utredningens slutsatser. Det kan ocks\u00e5 bli sv\u00e5rt, menar Martin Ngoga.<\/p>\n<p>\u201dBeslut om publicering av resultat&#8230; bed\u00f6ms fr\u00e5n fall till fall, med h\u00e4nsyn till till\u00e4mpligt regelverk\u201d, skriver han till Norska fotbollsf\u00f6rbundet enligt The Times.\u00a0<\/p>\n","protected":false},"excerpt":{"rendered":"Uppdaterad 6 sep 2026 kl 11.05Publicerad 6 sep 2026 kl 10.39 Hur det g\u00e5r med Norska fotbollsf\u00f6rbundets klagom\u00e5l&hellip;\n","protected":false},"author":2,"featured_media":368202,"comment_status":"","ping_status":"","sticky":false,"template":"","format":"standard","meta":{"footnotes":"","_share_on_mastodon":"0"},"categories":[68],"tags":[385,1626,138,34,111,110,31,33,32,30],"class_list":["post-368201","post","type-post","status-publish","format-standard","has-post-thumbnail","category-sport","tag-donald-trump","tag-fifa","tag-fotboll","tag-se","tag-sport","tag-sports","tag-svenska","tag-sverige","tag-sweden","tag-swedish"],"share_on_mastodon":{"url":"https:\/\/pubeurope.com\/@se\/117223411356689820","error":""},"_links":{"self":[{"href":"https:\/\/www.europesays.com\/se\/wp-json\/wp\/v2\/posts\/368201","targetHints":{"allow":["GET"]}}],"collection":[{"href":"https:\/\/www.europesays.com\/se\/wp-json\/wp\/v2\/posts"}],"about":[{"href":"https:\/\/www.europesays.com\/se\/wp-json\/wp\/v2\/types\/post"}],"author":[{"embeddable":true,"href":"https:\/\/www.europesays.com\/se\/wp-json\/wp\/v2\/users\/2"}],"replies":[{"embeddable":true,"href":"https:\/\/www.europesays.com\/se\/wp-json\/wp\/v2\/comments?post=368201"}],"version-history":[{"count":0,"href":"https:\/\/www.europesays.com\/se\/wp-json\/wp\/v2\/posts\/368201\/revisions"}],"wp:featuredmedia":[{"embeddable":true,"href":"https:\/\/www.europesays.com\/se\/wp-json\/wp\/v2\/media\/368202"}],"wp:attachment":[{"href":"https:\/\/www.europesays.com\/se\/wp-json\/wp\/v2\/media?parent=368201"}],"wp:term":[{"taxonomy":"category","embeddable":true,"href":"https:\/\/www.europesays.com\/se\/wp-json\/wp\/v2\/categories?post=368201"},{"taxonomy":"post_tag","embeddable":true,"href":"https:\/\/www.europesays.com\/se\/wp-json\/wp\/v2\/tags?post=368201"}],"curies":[{"name":"wp","href":"https:\/\/api.w.org\/{rel}","templated":true}]}}