{"id":36850,"date":"2025-09-22T15:03:13","date_gmt":"2025-09-22T15:03:13","guid":{"rendered":"https:\/\/www.europesays.com\/se\/36850\/"},"modified":"2025-09-22T15:03:13","modified_gmt":"2025-09-22T15:03:13","slug":"uppgifter-timras-skatteskuld-ar-betald","status":"publish","type":"post","link":"https:\/\/www.europesays.com\/se\/36850\/","title":{"rendered":"Uppgifter: Timr\u00e5s skatteskuld \u00e4r betald"},"content":{"rendered":"<p><strong>Timr\u00e5 IK har betalat sin skatteskuld p\u00e5 n\u00e4stan en miljon kronor.<br \/>Det rapporterar <a href=\"https:\/\/www.st.nu\/2025-09-22\/timra-ik-skuldfritt\/\" rel=\"nofollow noopener\" target=\"_blank\">Sundsvalls Tidning<\/a>.<\/strong><\/p>\n<p><img loading=\"lazy\" decoding=\"async\" width=\"1024\" height=\"658\" src=\"https:\/\/www.europesays.com\/se\/wp-content\/uploads\/2025\/09\/250920PO116-1024x658.webp.webp\" alt=\"Timr\u00e5 IK\" class=\"wp-image-305966\"  \/>Timr\u00e5s skatteskuld \u00e4r betald, rapporterar Sundsvalls Tidning.<\/p>\n<p>F\u00f6rra veckan meddelade <a href=\"https:\/\/hockeysverige.se\/klubb\/timra-ik\/\" rel=\"nofollow noopener\" target=\"_blank\">Timr\u00e5 IK<\/a> via <a href=\"https:\/\/www.timraik.se\/article\/ve7at2m-43ei1\/view\" rel=\"nofollow noopener\" target=\"_blank\">sin hemsida<\/a> att klubben hade en obetald skatteskuld till f\u00f6ljd av ett anstr\u00e4ngt kassafl\u00f6de under sommaren. Enligt <a href=\"https:\/\/www.st.nu\/2025-09-15\/timra-ik-hos-kronofogden-igen\/\" rel=\"nofollow noopener\" target=\"_blank\">Sundsvalls Tidning<\/a> l\u00e5g skulden p\u00e5 930 000 kronor \u2013 en skuld som nu har betalats av.<\/p>\n<p>Sundsvalls Tidning skriver att skatteskulden \u00e4r reglerad och att den sista delbetalningen betalades in i onsdags f\u00f6rra veckan.<\/p>\n<p>Skulden skulle egentligen ha varit betald i augusti och i b\u00f6rjan av september uppgick skulden till 2,4 miljoner kronor, men efter fem delbetalningar hade <a href=\"https:\/\/hockeysverige.se\/shl\/\" rel=\"nofollow noopener\" target=\"_blank\">SHL<\/a>-klubben lyckats f\u00e5 ned skuldbeloppet till 930 000 kronor under f\u00f6rra veckan.<\/p>\n<p>Hamnade hos Kronofogden \u00e4ven f\u00f6rra \u00e5ret<\/p>\n<p>Detta var andra g\u00e5ngen <a href=\"https:\/\/hockeysverige.se\/shl\/timras-small-har-miljonskuld-hos-kronofogden\/\" rel=\"nofollow noopener\" target=\"_blank\">inom loppet av ett drygt \u00e5r<\/a> som Timr\u00e5 hamnat hos Kronofogden. I augusti 2024 hade klubben en skatteskuld p\u00e5 1,6 miljoner kronor som senare betalades.<\/p>\n<p>F\u00f6rra s\u00e4songen gjorde Timr\u00e5 ett ekonomiskt minusresultat p\u00e5 2,6 miljoner kronor och hade s\u00e4mst kassalikviditet i hela SHL enligt EY:s rapport \u201dHur m\u00e5r svensk elithockey?\u201d.<\/p>\n","protected":false},"excerpt":{"rendered":"Timr\u00e5 IK har betalat sin skatteskuld p\u00e5 n\u00e4stan en miljon kronor.Det rapporterar Sundsvalls Tidning. Timr\u00e5s skatteskuld \u00e4r betald,&hellip;\n","protected":false},"author":2,"featured_media":36851,"comment_status":"","ping_status":"","sticky":false,"template":"","format":"standard","meta":{"footnotes":""},"categories":[68],"tags":[34,133,134,111,110,31,33,32,30],"class_list":{"0":"post-36850","1":"post","2":"type-post","3":"status-publish","4":"format-standard","5":"has-post-thumbnail","7":"category-sport","8":"tag-se","9":"tag-second-news","10":"tag-shl","11":"tag-sport","12":"tag-sports","13":"tag-svenska","14":"tag-sverige","15":"tag-sweden","16":"tag-swedish"},"share_on_mastodon":{"url":"","error":""},"_links":{"self":[{"href":"https:\/\/www.europesays.com\/se\/wp-json\/wp\/v2\/posts\/36850","targetHints":{"allow":["GET"]}}],"collection":[{"href":"https:\/\/www.europesays.com\/se\/wp-json\/wp\/v2\/posts"}],"about":[{"href":"https:\/\/www.europesays.com\/se\/wp-json\/wp\/v2\/types\/post"}],"author":[{"embeddable":true,"href":"https:\/\/www.europesays.com\/se\/wp-json\/wp\/v2\/users\/2"}],"replies":[{"embeddable":true,"href":"https:\/\/www.europesays.com\/se\/wp-json\/wp\/v2\/comments?post=36850"}],"version-history":[{"count":0,"href":"https:\/\/www.europesays.com\/se\/wp-json\/wp\/v2\/posts\/36850\/revisions"}],"wp:featuredmedia":[{"embeddable":true,"href":"https:\/\/www.europesays.com\/se\/wp-json\/wp\/v2\/media\/36851"}],"wp:attachment":[{"href":"https:\/\/www.europesays.com\/se\/wp-json\/wp\/v2\/media?parent=36850"}],"wp:term":[{"taxonomy":"category","embeddable":true,"href":"https:\/\/www.europesays.com\/se\/wp-json\/wp\/v2\/categories?post=36850"},{"taxonomy":"post_tag","embeddable":true,"href":"https:\/\/www.europesays.com\/se\/wp-json\/wp\/v2\/tags?post=36850"}],"curies":[{"name":"wp","href":"https:\/\/api.w.org\/{rel}","templated":true}]}}