{"id":368525,"date":"2026-09-06T14:38:10","date_gmt":"2026-09-06T14:38:10","guid":{"rendered":"https:\/\/www.europesays.com\/se\/368525\/"},"modified":"2026-09-06T14:38:10","modified_gmt":"2026-09-06T14:38:10","slug":"150-000-strandade-efter-vulkanutbrott-i-indonesien","status":"publish","type":"post","link":"https:\/\/www.europesays.com\/se\/368525\/","title":{"rendered":"150\u00a0000 strandade efter vulkanutbrott i Indonesien"},"content":{"rendered":"<p>150\u202f000 flygresen\u00e4rer i Indonesien har strandats efter att vulkanen Anak Krakatau f\u00e5tt en serie utbrott, rapporterar BBC.<\/p>\n<p>Totalt 712 flygningar p\u00e5 sex flygplatser har st\u00e4llts in efter utbrotten, som skickat upp stora m\u00e4ngder aska i atmosf\u00e4ren. Fr\u00e4mst p\u00e5verkas flyg till Singapore, men \u00e4ven Doha, Sydney och Kuala Lumpur.<\/p>\n<p>M\u00e5nga inv\u00e5nare har vittnat om \u00f6gonproblem p\u00e5 grund av askan, och myndigheterna uppmanar boende i de v\u00e4rst drabbade omr\u00e5dena att stanna inomhus.<\/p>\n<p>Anak Krakatau betyder Krakataus barn. Den bildades efter vulkanen Krakataus utbrott 1883, ett av de st\u00f6rsta och d\u00f6dligaste vulkanutbrotten i m\u00e4nsklighetens historia.<\/p>\n<p>Omni \u00e4r politiskt obundna och oberoende. Vi str\u00e4var efter att ge fler perspektiv p\u00e5 nyheterna. Har du fr\u00e5gor eller synpunkter kring v\u00e5r rapportering? <a href=\"https:\/\/omni.se\/150000-strandade-efter-vulkanutbrott-i-indonesien\/a\/mailto:redaktion@omni.se\" class=\"ArticleActions-module-scss-module__w9u9BG__contactLink\" rel=\"nofollow noopener\" target=\"_blank\">Kontakta redaktionen<\/a><\/p>\n","protected":false},"excerpt":{"rendered":"150\u202f000 flygresen\u00e4rer i Indonesien har strandats efter att vulkanen Anak Krakatau f\u00e5tt en serie utbrott, rapporterar BBC. Totalt&hellip;\n","protected":false},"author":2,"featured_media":368526,"comment_status":"","ping_status":"","sticky":false,"template":"","format":"standard","meta":{"footnotes":"","_share_on_mastodon":"0"},"categories":[14],"tags":[420,22,23,26,27,17,21,2227,24,25,28,29,15,16,18,34,31,33,32,30,19,20,51,52,53,54],"class_list":["post-368525","post","type-post","status-publish","format-standard","has-post-thumbnail","category-varlden","tag-asien","tag-breaking-news","tag-breakingnews","tag-featured-news","tag-featurednews","tag-headlines","tag-huvudnyheter","tag-indonesien","tag-latest-news","tag-latestnews","tag-main-news","tag-mainnews","tag-news","tag-nyheter","tag-rubriker","tag-se","tag-svenska","tag-sverige","tag-sweden","tag-swedish","tag-top-stories","tag-topstories","tag-varlden","tag-world","tag-world-news","tag-worldnews"],"share_on_mastodon":{"url":"https:\/\/pubeurope.com\/@se\/117224610680576546","error":""},"_links":{"self":[{"href":"https:\/\/www.europesays.com\/se\/wp-json\/wp\/v2\/posts\/368525","targetHints":{"allow":["GET"]}}],"collection":[{"href":"https:\/\/www.europesays.com\/se\/wp-json\/wp\/v2\/posts"}],"about":[{"href":"https:\/\/www.europesays.com\/se\/wp-json\/wp\/v2\/types\/post"}],"author":[{"embeddable":true,"href":"https:\/\/www.europesays.com\/se\/wp-json\/wp\/v2\/users\/2"}],"replies":[{"embeddable":true,"href":"https:\/\/www.europesays.com\/se\/wp-json\/wp\/v2\/comments?post=368525"}],"version-history":[{"count":0,"href":"https:\/\/www.europesays.com\/se\/wp-json\/wp\/v2\/posts\/368525\/revisions"}],"wp:featuredmedia":[{"embeddable":true,"href":"https:\/\/www.europesays.com\/se\/wp-json\/wp\/v2\/media\/368526"}],"wp:attachment":[{"href":"https:\/\/www.europesays.com\/se\/wp-json\/wp\/v2\/media?parent=368525"}],"wp:term":[{"taxonomy":"category","embeddable":true,"href":"https:\/\/www.europesays.com\/se\/wp-json\/wp\/v2\/categories?post=368525"},{"taxonomy":"post_tag","embeddable":true,"href":"https:\/\/www.europesays.com\/se\/wp-json\/wp\/v2\/tags?post=368525"}],"curies":[{"name":"wp","href":"https:\/\/api.w.org\/{rel}","templated":true}]}}