{"id":368617,"date":"2026-09-06T16:08:16","date_gmt":"2026-09-06T16:08:16","guid":{"rendered":"https:\/\/www.europesays.com\/se\/368617\/"},"modified":"2026-09-06T16:08:16","modified_gmt":"2026-09-06T16:08:16","slug":"protein-och-aldrande-ar-ett-lagre-proteinintag-battre","status":"publish","type":"post","link":"https:\/\/www.europesays.com\/se\/368617\/","title":{"rendered":"Protein och \u00e5ldrande: \u00e4r ett l\u00e4gre proteinintag b\u00e4ttre?"},"content":{"rendered":"\n<p class=\"wp-block-paragraph\" style=\"font-size:22px\"><strong><strong>Proteinberikade varianter finns numera av allt fr\u00e5n yoghurt till bars och br\u00f6d.<\/strong>\u00a0Men mer \u00e4r inte n\u00f6dv\u00e4ndigtvis b\u00e4ttre. En ny forsknings\u00f6versikt visar att ett l\u00e4gre proteinintag kan p\u00e5verka \u00e4mnesoms\u00e4ttningen och flera biologiska processer som \u00e4r kopplade till \u00e5ldrande. Om m\u00e4nniskor faktiskt lever l\u00e4ngre av att \u00e4ta mindre protein \u00e4r d\u00e4remot fortfarande ok\u00e4nt.<\/strong><\/p>\n<p class=\"wp-block-paragraph\">Protein \u00e4r ett livsn\u00f6dv\u00e4ndigt n\u00e4rings\u00e4mne. Kroppen beh\u00f6ver det bland annat f\u00f6r att bygga och underh\u00e5lla muskler och andra v\u00e4vnader och f\u00f6r att bilda enzymer och hormoner. Under senare \u00e5r har protein ocks\u00e5 blivit ett starkt f\u00f6rs\u00e4ljningsargument, och ett h\u00f6gt proteinintag framst\u00e4lls ofta som n\u00e5got efterstr\u00e4vansv\u00e4rt i sig.<\/p>\n<p class=\"wp-block-paragraph\">En ny forsknings\u00f6versikt om\u00a0protein och \u00e5ldrande\u00a0ger en mer nyanserad bild. Forskarna Bailey A. Knopf och Dudley W. Lamming vid University of Wisconsin\u2013Madison har g\u00e5tt igenom vad forskningen visar om hur mindre protein \u2013 och mindre av vissa aminosyror \u2013 p\u00e5verkar \u00e4mnesoms\u00e4ttning, cellfunktion, h\u00e4lsa och livsl\u00e4ngd.<\/p>\n<p class=\"wp-block-paragraph\">\u00d6versikten publicerades online den 31 juli 2026 i tidskriften\u00a0Cell Press Blue\u00a0och bygger p\u00e5 forskning fr\u00e5n mer \u00e4n 350 vetenskapliga publikationer. Underlaget omfattar studier p\u00e5 bland annat j\u00e4st, bananflugor, gnagare och m\u00e4nniskor.<\/p>\n<p>Mindre protein f\u00f6rl\u00e4ngde livet i flera djurstudier<\/p>\n<p class=\"wp-block-paragraph\">Kalorirestriktion \u2013 att \u00e4ta mindre energi utan att f\u00e5 brist p\u00e5 n\u00e4rings\u00e4mnen \u2013 har l\u00e4nge studerats inom \u00e5ldrandeforskningen. Hos flera modellorganismer har det f\u00f6rl\u00e4ngt livet, men f\u00f6r m\u00e4nniskor \u00e4r en s\u00e5dan kost sv\u00e5r att f\u00f6lja under l\u00e5ng tid.<\/p>\n<p class=\"wp-block-paragraph\">D\u00e4rf\u00f6r har forskare ocks\u00e5 unders\u00f6kt om det g\u00e5r att p\u00e5verka n\u00e5gra av samma biologiska system genom att minska m\u00e4ngden protein i kosten, utan att samtidigt minska energiintaget.<\/p>\n<p class=\"wp-block-paragraph\">I flera djurstudier har proteinbegr\u00e4nsning f\u00f6rb\u00e4ttrat olika m\u00e5tt p\u00e5 metabol h\u00e4lsa. L\u00e4ngre livsl\u00e4ngd har ocks\u00e5 setts hos bland annat j\u00e4st, bananflugor och gnagare.<\/p>\n<p class=\"wp-block-paragraph\">I f\u00f6rs\u00f6k p\u00e5 gnagare har djuren i vissa fall dessutom \u00e4tit mer men \u00e4nd\u00e5 v\u00e4gt mindre och haft mindre kroppsfett. Forskarna tror att en del av f\u00f6rklaringen \u00e4r att proteinbegr\u00e4nsningen \u00f6kar kroppens energif\u00f6rbrukning.<\/p>\n<p class=\"wp-block-paragraph\">Men resultaten ser inte likadana ut i alla studier. Effekterna kan skilja sig mellan arter, genetiska bakgrunder och k\u00f6n. I ett f\u00f6rs\u00f6k levde hanm\u00f6ss exempelvis l\u00e4ngre p\u00e5 en kost d\u00e4r m\u00e4ngden av vissa aminosyror hade minskats kraftigt. Hos honorna s\u00e5gs inte samma livsf\u00f6rl\u00e4ngning. Medianlivsl\u00e4ngden var i st\u00e4llet l\u00e4gre i gruppen som fick den begr\u00e4nsade kosten, men skillnaden var inte statistiskt s\u00e4kerst\u00e4lld.<\/p>\n<p>Vad studier p\u00e5 m\u00e4nniskor visar om protein och \u00e5ldrande<\/p>\n<p class=\"wp-block-paragraph\">Det finns ocks\u00e5 kontrollerade studier p\u00e5 m\u00e4nniskor, men de har varit korta. De kan d\u00e4rf\u00f6r s\u00e4ga n\u00e5got om hur kroppen reagerar p\u00e5 ett l\u00e4gre proteinintag \u2013 men inte om m\u00e4nniskor \u00e5ldras l\u00e5ngsammare eller lever l\u00e4ngre.<\/p>\n<p class=\"wp-block-paragraph\">I en studie \u00e5t deltagarna en proteinbegr\u00e4nsad kost under 43 dagar. De minskade i vikt och fettmassa och fick l\u00e4gre fasteblodsocker,\u00a0trots att kosten inte var kaloribegr\u00e4nsad.<\/p>\n<p class=\"wp-block-paragraph\">I en annan studie fick normalviktiga m\u00e4n \u00e4ta mindre protein under fem veckor. D\u00e5 f\u00f6rb\u00e4ttrades insulink\u00e4nsligheten och energif\u00f6rbrukningen \u00f6kade.<\/p>\n<p class=\"wp-block-paragraph\">Den nya \u00f6versikten tar ocks\u00e5 upp en studie p\u00e5 personer med metabolt syndrom. Efter 27 dagar med ett l\u00e4gre proteinintag hade deltagarna minskat sin fettmassa och f\u00e5tt b\u00e4ttre insulink\u00e4nslighet. \u00c4ven blodsocker, blodfetter och vissa mark\u00f6rer f\u00f6r inflammation minskade.<\/p>\n<p class=\"wp-block-paragraph\">Studierna visar allts\u00e5 att m\u00e4ngden protein i kosten kan p\u00e5verka \u00e4mnesoms\u00e4ttningen redan efter n\u00e5gra veckor. Om ett l\u00e4gre proteinintag ocks\u00e5 p\u00e5verkar \u00e5ldrandet p\u00e5 l\u00e4ngre sikt vet man fortfarande inte.<\/p>\n<p><img fetchpriority=\"high\" decoding=\"async\" src=\"data:image\/svg+xml,%3Csvg%20xmlns%3D%22http%3A%2F%2Fwww.w3.org%2F2000%2Fsvg%22%20viewBox%3D%220%200%201024%20683%22%20width%3D%221024%22%20height%3D%22683%22%3E%3C%2Fsvg%3E\" alt=\"Leende \u00e4ldre kvinna utomhus som illustrerar friskt \u00e5ldrande. \" class=\"wp-image-12820 lzl\" width=\"2560\" height=\"1707\" style=\"height:auto; max-width:100%;\" title=\"Mer protein \u00e4r inte alltid b\u00e4ttre \u2013 ny forskning nyanserar bilden 2\"   data-lzl- data-lzl-src=\"https:\/\/www.europesays.com\/se\/wp-content\/uploads\/2026\/09\/alpay-tonga-EntovEnMZl4-unsplash-1024x683.jpg\"\/>Hormonet FGF21 p\u00e5verkas av proteinintaget<\/p>\n<p class=\"wp-block-paragraph\">En del av f\u00f6rklaringen kan finnas i hormonet FGF21. Niv\u00e5erna stiger n\u00e4r kroppen f\u00e5r mindre protein eller mindre av vissa aminosyror. Hormonet \u00e4r bland annat inblandat i regleringen av energif\u00f6rbrukning, fettoms\u00e4ttning och blodsocker.<\/p>\n<p class=\"wp-block-paragraph\">I studier har ett l\u00e4gre proteinintag h\u00f6jt niv\u00e5erna av FGF21 hos b\u00e5de m\u00f6ss, r\u00e5ttor och m\u00e4nniskor. F\u00f6rs\u00f6k p\u00e5 m\u00f6ss tyder ocks\u00e5 p\u00e5 att hormonet spelar en viktig roll f\u00f6r flera av de metabola f\u00f6r\u00e4ndringar som uppst\u00e5r vid proteinbegr\u00e4nsning.<\/p>\n<p class=\"wp-block-paragraph\">Kopplingen till livsl\u00e4ngd kommer d\u00e4remot fr\u00e5n djurf\u00f6rs\u00f6k. M\u00f6ss som genetiskt producerar h\u00f6ga niv\u00e5er av FGF21 har levt l\u00e4ngre, och i ett annat f\u00f6rs\u00f6k uteblev den livsf\u00f6rl\u00e4ngande effekten av proteinbegr\u00e4nsning hos m\u00f6ss som saknade FGF21. Det talar f\u00f6r att hormonet \u00e4r en del av de mekanismer som ligger bakom effekterna hos f\u00f6rs\u00f6ksdjur.<\/p>\n<p>Proteinbegr\u00e4nsning p\u00e5verkar cellernas n\u00e4ringssignaler<\/p>\n<p class=\"wp-block-paragraph\">Aminosyror fungerar inte bara som byggstenar till protein. De p\u00e5verkar ocks\u00e5 signaler som hj\u00e4lper cellerna att k\u00e4nna av hur mycket n\u00e4ring som finns tillg\u00e4nglig.<\/p>\n<p class=\"wp-block-paragraph\">En av de mest studerade signalv\u00e4garna \u00e4r mTORC1. N\u00e4r tillg\u00e5ngen p\u00e5 n\u00e4ring \u00e4r god stimulerar den bland annat celltillv\u00e4xt och proteinsyntes.<\/p>\n<p class=\"wp-block-paragraph\">I djur- och cellstudier har proteinbegr\u00e4nsning minskat aktiviteten i mTORC1. Den har ocks\u00e5 kopplats till \u00f6kad autofagi, cellernas system f\u00f6r att bryta ned och \u00e5tervinna bland annat skadade proteiner och utslitna celldelar. F\u00f6rs\u00f6k p\u00e5 m\u00f6ss tyder p\u00e5 att autofagi \u00e4r en del av kroppens metabola svar p\u00e5 ett l\u00e4gre proteinintag.<\/p>\n<p class=\"wp-block-paragraph\">Forskarna tar ocks\u00e5 upp m\u00f6jliga effekter p\u00e5 inflammation, mitokondrier och s\u00e5 kallade senescenta celler. Det \u00e4r celler som har slutat dela sig efter exempelvis stress eller skada, men som finns kvar i v\u00e4vnaden och kan p\u00e5verka cellerna omkring sig.<\/p>\n<p class=\"wp-block-paragraph\">I djurstudier har proteinbegr\u00e4nsning kopplats till f\u00e4rre senescenta celler i bland annat lever, fettv\u00e4vnad och njurar. N\u00e4r det g\u00e4ller mitokondrierna \u2013 cellernas energiproducenter \u2013 \u00e4r bilden mindre tydlig. Olika studier har gett olika resultat.<\/p>\n<p>Vissa aminosyror kan vara s\u00e4rskilt betydelsefulla<\/p>\n<p class=\"wp-block-paragraph\">Det \u00e4r inte bara m\u00e4ngden protein som verkar spela roll. Forskarna lyfter ocks\u00e5 fram proteinets sammans\u00e4ttning \u2013 allts\u00e5 vilka aminosyror det inneh\u00e5ller.<\/p>\n<p class=\"wp-block-paragraph\">S\u00e4rskilt metionin, isoleucin och valin \u00e5terkommer i forskningen. N\u00e4r m\u00e4ngden av n\u00e5gon av dessa aminosyror har minskats i djurf\u00f6rs\u00f6k har forskarna sett flera av de f\u00f6r\u00e4ndringar som ocks\u00e5 uppst\u00e5r vid proteinbegr\u00e4nsning. Det g\u00e4ller bland annat f\u00f6r\u00e4ndrad n\u00e4ringssignalering och f\u00f6rb\u00e4ttrade metabola m\u00e5tt. I vissa studier har djuren \u00e4ven levt l\u00e4ngre.<\/p>\n<p class=\"wp-block-paragraph\">Det betyder d\u00e4remot inte att m\u00e4nniskor b\u00f6r f\u00f6rs\u00f6ka undvika enskilda aminosyror i maten. Kroppen beh\u00f6ver aminosyror f\u00f6r en rad olika funktioner, och resultaten varierar beroende p\u00e5 vilken aminosyra som studeras och hur f\u00f6rs\u00f6ken \u00e4r upplagda. F\u00f6r flera aminosyror \u00e4r kunskapsl\u00e4get fortfarande begr\u00e4nsat.<\/p>\n<p><img loading=\"lazy\" decoding=\"async\" src=\"data:image\/svg+xml,%3Csvg%20xmlns%3D%22http%3A%2F%2Fwww.w3.org%2F2000%2Fsvg%22%20viewBox%3D%220%200%201024%20576%22%20width%3D%221024%22%20height%3D%22576%22%3E%3C%2Fsvg%3E\" alt=\"Tallrik med kokta \u00e4gg, avokado, gr\u00f6nsaker och kn\u00e4ckebr\u00f6d som exempel p\u00e5 proteinrik mat. F\u00f6r en artikel om protein och \u00e5ldrande. \" class=\"wp-image-12821 lzl\" width=\"2560\" height=\"1440\" style=\"height:auto; max-width:100%;\" title=\"Mer protein \u00e4r inte alltid b\u00e4ttre \u2013 ny forskning nyanserar bilden 3\"   data-lzl- data-lzl-src=\"https:\/\/www.europesays.com\/se\/wp-content\/uploads\/2026\/09\/kankan-FizvTn8NJi4-unsplash-1024x576.jpg\"\/>Mer protein kan vara viktigt f\u00f6r vissa<\/p>\n<p class=\"wp-block-paragraph\">Resultaten betyder inte att alla skulle m\u00e5 b\u00e4ttre av att \u00e4ta mindre protein. Protein beh\u00f6vs bland annat f\u00f6r att bygga och bevara muskelmassa, och behovet kan se olika ut beroende p\u00e5 \u00e5lder, fysisk aktivitet och h\u00e4lsotillst\u00e5nd.<\/p>\n<p class=\"wp-block-paragraph\">F\u00f6r \u00e4ldre kan ett tillr\u00e4ckligt proteinintag vara s\u00e4rskilt viktigt f\u00f6r att motverka f\u00f6rlust av muskelmassa. Personer som tr\u00e4nar kan ocks\u00e5 beh\u00f6va mer protein \u00e4n den som \u00e4r mindre aktiv. Forskarna lyfter d\u00e4rf\u00f6r fram att framtida r\u00e5d om protein sannolikt beh\u00f6ver ta st\u00f6rre h\u00e4nsyn till b\u00e5de \u00e5lder och aktivitetsniv\u00e5.<\/p>\n<p class=\"wp-block-paragraph\">Det finns ocks\u00e5 situationer d\u00e4r proteinbegr\u00e4nsning kan vara ol\u00e4mplig. F\u00f6rfattarna n\u00e4mner bland annat gravida, v\u00e4xande barn, personer som f\u00e5r i sig lite energi och personer som \u00e5terh\u00e4mtar sig efter en skada. \u00c4ven vid vissa sjukdomar kan behovet av protein vara h\u00f6gre, exempelvis n\u00e4r det finns risk f\u00f6r viktnedg\u00e5ng, muskelf\u00f6rlust eller undern\u00e4ring. D\u00e5 b\u00f6r man inte minska proteinintaget p\u00e5 egen hand.<\/p>\n<p class=\"wp-block-paragraph\">Samtidigt finns sjukdomar d\u00e4r proteinintaget kan beh\u00f6va anpassas, till exempel vid kronisk njursjukdom. Proteinbehov vid sjukdom beh\u00f6ver d\u00e4rf\u00f6r bed\u00f6mas individuellt.<\/p>\n<p class=\"wp-block-paragraph\">Hur mycket protein som passar beror allts\u00e5 p\u00e5 flera saker, bland annat \u00e5lder, fysisk aktivitet, h\u00e4lsotillst\u00e5nd och hur kosten ser ut i \u00f6vrigt.<\/p>\n<p> Svenska rekommendationer g\u00e4ller fortfarande<\/p>\n<p class=\"wp-block-paragraph\">Enligt <a href=\"https:\/\/www.livsmedelsverket.se\/livsmedel-och-innehall\/naringsamne\/protein\/\" data-type=\"link\" data-id=\"https:\/\/www.livsmedelsverket.se\/livsmedel-och-innehall\/naringsamne\/protein\/\" target=\"_blank\" rel=\"noreferrer noopener nofollow\">Livsmedelsverkets referensv\u00e4rden<\/a> \u00e4r det rekommenderade intaget f\u00f6r vuxna 0,83 gram protein per kilo kroppsvikt och dag. Samma niv\u00e5 g\u00e4ller \u00e4ven f\u00f6r \u00e4ldre vuxna. Vid kostplanering f\u00f6r \u00e4ldre \u00e4r m\u00e5let d\u00e4remot h\u00f6gre \u2013 omkring 1,2 gram per kilo kroppsvikt och dag \u2013 bland annat f\u00f6r att kompensera f\u00f6r att energiintaget ofta minskar med \u00e5ldern och f\u00f6r att motverka f\u00f6rlust av muskelmassa.<\/p>\n<p class=\"wp-block-paragraph\">Den nya forsknings\u00f6versikten f\u00f6r\u00e4ndrar inte de svenska rekommendationerna. D\u00e4remot v\u00e4cker den fr\u00e5gan om extra protein verkligen ger n\u00e5gon ytterligare h\u00e4lsovinst f\u00f6r personer som redan f\u00e5r i sig tillr\u00e4ckligt.<\/p>\n<p class=\"wp-block-paragraph\">N\u00e4r det g\u00e4ller sambandet mellan\u00a0protein och livsl\u00e4ngd\u00a0kommer fortfarande betydligt mer kunskap fr\u00e5n djurf\u00f6rs\u00f6k \u00e4n fr\u00e5n studier p\u00e5 m\u00e4nniskor. Ett l\u00e4gre proteinintag p\u00e5verkar flera biologiska processer som \u00e4r intressanta inom forskningen om\u00a0friskt \u00e5ldrande, men det \u00e4r \u00e4nnu inte visat att m\u00e4nniskor \u00e5ldras l\u00e5ngsammare eller lever l\u00e4ngre av att \u00e4ta mindre protein.<\/p>\n<p class=\"wp-block-paragraph\">Mer \u00e4r allts\u00e5 inte alltid b\u00e4ttre \u2013 men mindre beh\u00f6ver inte heller vara det. Hur mycket protein som passar beror bland annat p\u00e5 \u00e5lder, h\u00e4lsa, energiintag och fysisk aktivitet.<\/p>\n<p>Du kanske ocks\u00e5 gillar  Publikation<\/p>\n<p class=\"wp-block-paragraph\">Bailey A. Knopf, Dudley W. Lamming.\u00a0The hallmarks of protein and amino acid restriction in aging and longevity.\u00a0Cell Press Blue.\u00a02026;1(5):100079.\u00a0DOI: <a href=\"http:\/\/dx.doi.org\/10.1016\/j.cpblue.2026.100079\" target=\"_blank\" rel=\"noreferrer noopener nofollow\">10.1016\/j.cpblue.2026.100079<\/a><\/p>\n<p>    <strong>Observera:<\/strong> Detta \u00e4r popul\u00e4rvetenskaplig information och ers\u00e4tter inte medicinsk r\u00e5dgivning.<br \/>\n  Kontakta sjukv\u00e5rden vid fr\u00e5gor om din h\u00e4lsa.<br \/>\n  Publicerat av <a href=\"https:\/\/tidningenmikroskop.se\/writer\/mikroskop-redaktion\/\" rel=\"nofollow noopener\" target=\"_blank\">Mikroskop Redaktion<\/a> \u2013<br \/>\n  l\u00e4s v\u00e5ra <a href=\"https:\/\/tidningenmikroskop.se\/om-mikroskop\/\" rel=\"nofollow noopener\" target=\"_blank\">redaktionella principer<\/a>.<br \/>\n     <img decoding=\"async\" src=\"data:image\/svg+xml,%3Csvg%20xmlns%3D%22http%3A%2F%2Fwww.w3.org%2F2000%2Fsvg%22%20viewBox%3D%220%200%20118%20120%22%20width%3D%22118%22%20height%3D%22120%22%3E%3C%2Fsvg%3E\" alt=\"\" aria-hidden=\"true\" class=\"lzl\" data-lzl-src=\"https:\/\/www.gstatic.com\/firebasejs\/ui\/2.0.0\/images\/auth\/google.svg\"\/><br \/>\n                \u00d6nskade k\u00e4llor p\u00e5 Google<br \/>\n              <img decoding=\"async\" class=\"google-preferred-source-mikroskop lzl\" src=\"data:image\/svg+xml,%3Csvg%20xmlns%3D%22http%3A%2F%2Fwww.w3.org%2F2000%2Fsvg%22%20viewBox%3D%220%200%202560%20717%22%20width%3D%222560%22%20height%3D%22717%22%3E%3C%2Fsvg%3E\" alt=\"Tidningen Mikroskop\" data-lzl-src=\"https:\/\/www.europesays.com\/se\/wp-content\/uploads\/2026\/09\/Mikroskop_logo.png\"\/>  <\/p>\n<p class=\"google-preferred-source-title\">\n        Se mer fr\u00e5n Tidningen Mikroskop\n    <\/p>\n<p class=\"google-preferred-source-text\">\n        L\u00e4gg till Tidningen Mikroskop som \u00f6nskad k\u00e4lla.\n    <\/p>\n<p> <a class=\"google-preferred-source-button\" href=\"https:\/\/www.google.com\/preferences\/source?q=tidningenmikroskop.se\" target=\"_blank\" rel=\"noopener nofollow\"> L\u00e4gg till Mikroskop \u2192 <\/a>    <\/p>\n","protected":false},"excerpt":{"rendered":"Proteinberikade varianter finns numera av allt fr\u00e5n yoghurt till bars och br\u00f6d.\u00a0Men mer \u00e4r inte n\u00f6dv\u00e4ndigtvis b\u00e4ttre. En&hellip;\n","protected":false},"author":2,"featured_media":368618,"comment_status":"","ping_status":"","sticky":false,"template":"","format":"standard","meta":{"footnotes":"","_share_on_mastodon":"0"},"categories":[69],"tags":[113,112,34,31,33,32,30],"class_list":["post-368617","post","type-post","status-publish","format-standard","has-post-thumbnail","category-halsa","tag-halsa","tag-health","tag-se","tag-svenska","tag-sverige","tag-sweden","tag-swedish"],"share_on_mastodon":{"url":"https:\/\/pubeurope.com\/@se\/117224964304206873","error":""},"_links":{"self":[{"href":"https:\/\/www.europesays.com\/se\/wp-json\/wp\/v2\/posts\/368617","targetHints":{"allow":["GET"]}}],"collection":[{"href":"https:\/\/www.europesays.com\/se\/wp-json\/wp\/v2\/posts"}],"about":[{"href":"https:\/\/www.europesays.com\/se\/wp-json\/wp\/v2\/types\/post"}],"author":[{"embeddable":true,"href":"https:\/\/www.europesays.com\/se\/wp-json\/wp\/v2\/users\/2"}],"replies":[{"embeddable":true,"href":"https:\/\/www.europesays.com\/se\/wp-json\/wp\/v2\/comments?post=368617"}],"version-history":[{"count":0,"href":"https:\/\/www.europesays.com\/se\/wp-json\/wp\/v2\/posts\/368617\/revisions"}],"wp:featuredmedia":[{"embeddable":true,"href":"https:\/\/www.europesays.com\/se\/wp-json\/wp\/v2\/media\/368618"}],"wp:attachment":[{"href":"https:\/\/www.europesays.com\/se\/wp-json\/wp\/v2\/media?parent=368617"}],"wp:term":[{"taxonomy":"category","embeddable":true,"href":"https:\/\/www.europesays.com\/se\/wp-json\/wp\/v2\/categories?post=368617"},{"taxonomy":"post_tag","embeddable":true,"href":"https:\/\/www.europesays.com\/se\/wp-json\/wp\/v2\/tags?post=368617"}],"curies":[{"name":"wp","href":"https:\/\/api.w.org\/{rel}","templated":true}]}}