{"id":368651,"date":"2026-09-06T16:47:26","date_gmt":"2026-09-06T16:47:26","guid":{"rendered":"https:\/\/www.europesays.com\/se\/368651\/"},"modified":"2026-09-06T16:47:26","modified_gmt":"2026-09-06T16:47:26","slug":"chelsea-med-dromstart-mot-arsenal-i-premier-league","status":"publish","type":"post","link":"https:\/\/www.europesays.com\/se\/368651\/","title":{"rendered":"Chelsea med dr\u00f6mstart mot Arsenal i Premier League"},"content":{"rendered":"<p>  <a class=\"_link_1lr5y_108\" href=\"https:\/\/aftonbladet.se\/av\/albin-ekstrom\" title=\"Albin Ekstr\u00f6m\" rel=\"nofollow noopener\" target=\"_blank\"><img alt=\"Bild av Albin Ekstr\u00f6m\" class=\"_image_1lr5y_85\" fetchpriority=\"low\" decoding=\"async\" itemprop=\"image\" loading=\"lazy\"  src=\"https:\/\/www.europesays.com\/se\/wp-content\/uploads\/2026\/09\/1788713245_375_581a6679-21c5-4174-8ca1-9b6fec7d07a6.png\"  width=\"480\"\/><\/a> <img alt=\"\" class=\"_image_1jxax_84 layout-component layout-wide\" data-fullscreen- data-track-element-type=\"Article image fullscreen\" data-track-name=\"ImageFullscreen\" fetchpriority=\"high\" decoding=\"sync\" loading=\"eager\" height=\"1581\" itemprop=\"image\"  src=\"https:\/\/www.europesays.com\/se\/wp-content\/uploads\/2026\/09\/b7f2815a-975d-3c6a-a74d-4de1fd56bc59.jpeg\"  style=\"object-position:0% 0%\" width=\"2300\"\/>  Foto: TONY O BRIEN \/ REUTERSVisa mer<\/p>\n<p class=\"_textTheme_4io5p_1 _lead_16k26_2 _lead_3ue4t_18 layout-component layout-normal layout-padded _lead_o6m9k_5 _leadTheme_cypwp_1 body-large bold\">77 sekunder var allt som kr\u00e4vdes.<\/p>\n<p class=\"_textTheme_4io5p_1 _lead_16k26_2 _lead_3ue4t_18 layout-component layout-normal layout-padded _lead_o6m9k_5 _leadTheme_cypwp_1 body-large bold\">Chelsea tog tidigt ledningen mot Arsenal i Londonderbyt.<\/p>\n<p class=\"_textTheme_4io5p_1 _paragraph_16k26_4 _paragraph_3ue4t_27 layout-component layout-normal layout-padded body-medium\">Hemmafansen p\u00e5 Emirates Stadium hade knappt slagit sig ner p\u00e5 sina platser innan de chockades av Chelseas miljardv\u00e4rvning Morgan Rogers.<\/p>\n<p class=\"_textTheme_4io5p_1 _paragraph_16k26_4 _paragraph_3ue4t_27 layout-component layout-normal layout-padded body-medium\">Arsenal lyckades inte f\u00e5 undan bollen n\u00e4r den till slut landade hos Rogers som sk\u00f6t direkt och \u00f6verlistade m\u00e5lvakten David Raya.<\/p>\n<p class=\"_textTheme_4io5p_1 _paragraph_16k26_4 _paragraph_3ue4t_27 layout-component layout-normal layout-padded body-medium\">\u2013 Det \u00e4r inte det renaste avslutet, men tillr\u00e4ckligt f\u00f6r att f\u00e5 den f\u00f6rbi Raya, s\u00e4ger Bojan Djordjic, expert i Viaplay.<\/p>\n<p class=\"_textTheme_4io5p_1 _paragraph_16k26_4 _paragraph_3ue4t_27 layout-component layout-normal layout-padded body-medium\">Det h\u00e4r var Arsenals f\u00f6rsta insl\u00e4ppta m\u00e5l i Premier League f\u00f6r s\u00e4songen.<\/p>\n<p class=\"_textTheme_4io5p_1 _paragraph_16k26_4 _paragraph_3ue4t_27 layout-component layout-normal layout-padded body-medium\">Men Arsenal vaknade och fick till slut in en kvittering. Tysken Kai Havertz br\u00f6t in fr\u00e5n h\u00f6ger och hittade en lucka vid den f\u00f6rsta stolpen.<\/p>\n<p class=\"_textTheme_4io5p_1 _paragraph_16k26_4 _paragraph_3ue4t_27 layout-component layout-normal layout-padded body-medium\">\u2013 Emiliano Martinez m\u00e5ste r\u00e4dda den. De v\u00e4rvade honom som en m\u00e5lvakt med en stor personlighet, s\u00e4ger ikonen Gary Neville i <a href=\"https:\/\/www.skysports.com\/football\/arsenal-vs-chelsea\/live\/559464\" class=\"_link_16k26_32\" rel=\"nofollow noopener\" target=\"_blank\">Sky Sports<\/a>.<\/p>\n<p class=\"_textTheme_4io5p_1 _paragraph_16k26_4 _paragraph_3ue4t_27 layout-component layout-normal layout-padded body-medium\">Svenske Viktor Gy\u00f6keres, som var Arsenals b\u00e4sta m\u00e5lskytt f\u00f6rra s\u00e4songen, har hittills inte spelat en enda minut i ligan den h\u00e4r s\u00e4songen. \u00c4ven mot Chelsea har tr\u00e4naren Mikel Arteta valt att b\u00e4nka honom.<\/p>\n<p class=\"_textTheme_4io5p_1 _paragraph_16k26_4 _paragraph_3ue4t_27 layout-component layout-normal layout-padded body-medium\"> Matchen p\u00e5g\u00e5r \u2013 texten uppdateras!<\/p>\n","protected":false},"excerpt":{"rendered":"Foto: TONY O BRIEN \/ REUTERSVisa mer 77 sekunder var allt som kr\u00e4vdes. Chelsea tog tidigt ledningen mot&hellip;\n","protected":false},"author":2,"featured_media":368652,"comment_status":"","ping_status":"","sticky":false,"template":"","format":"standard","meta":{"footnotes":"","_share_on_mastodon":"0"},"categories":[68],"tags":[298,5433,138,140,34,111,110,31,33,32,30],"class_list":["post-368651","post","type-post","status-publish","format-standard","has-post-thumbnail","category-sport","tag-arsenal-fc","tag-chelsea-fc","tag-fotboll","tag-premier-league","tag-se","tag-sport","tag-sports","tag-svenska","tag-sverige","tag-sweden","tag-swedish"],"share_on_mastodon":{"url":"https:\/\/pubeurope.com\/@se\/117225118418932474","error":""},"_links":{"self":[{"href":"https:\/\/www.europesays.com\/se\/wp-json\/wp\/v2\/posts\/368651","targetHints":{"allow":["GET"]}}],"collection":[{"href":"https:\/\/www.europesays.com\/se\/wp-json\/wp\/v2\/posts"}],"about":[{"href":"https:\/\/www.europesays.com\/se\/wp-json\/wp\/v2\/types\/post"}],"author":[{"embeddable":true,"href":"https:\/\/www.europesays.com\/se\/wp-json\/wp\/v2\/users\/2"}],"replies":[{"embeddable":true,"href":"https:\/\/www.europesays.com\/se\/wp-json\/wp\/v2\/comments?post=368651"}],"version-history":[{"count":0,"href":"https:\/\/www.europesays.com\/se\/wp-json\/wp\/v2\/posts\/368651\/revisions"}],"wp:featuredmedia":[{"embeddable":true,"href":"https:\/\/www.europesays.com\/se\/wp-json\/wp\/v2\/media\/368652"}],"wp:attachment":[{"href":"https:\/\/www.europesays.com\/se\/wp-json\/wp\/v2\/media?parent=368651"}],"wp:term":[{"taxonomy":"category","embeddable":true,"href":"https:\/\/www.europesays.com\/se\/wp-json\/wp\/v2\/categories?post=368651"},{"taxonomy":"post_tag","embeddable":true,"href":"https:\/\/www.europesays.com\/se\/wp-json\/wp\/v2\/tags?post=368651"}],"curies":[{"name":"wp","href":"https:\/\/api.w.org\/{rel}","templated":true}]}}