{"id":368725,"date":"2026-09-06T18:00:19","date_gmt":"2026-09-06T18:00:19","guid":{"rendered":"https:\/\/www.europesays.com\/se\/368725\/"},"modified":"2026-09-06T18:00:19","modified_gmt":"2026-09-06T18:00:19","slug":"arsenal-vande-och-vann-gyokeres-fick-hoppa-in","status":"publish","type":"post","link":"https:\/\/www.europesays.com\/se\/368725\/","title":{"rendered":"Arsenal v\u00e4nde och vann \u2013 Gy\u00f6keres fick hoppa in"},"content":{"rendered":"<p>Arsenal vann Londonderbyt mot Chelsea med 2\u20131 under s\u00f6ndagen. Det avg\u00f6rande m\u00e5let kom i b\u00f6rjan av den andra halvleken fr\u00e5n Martin \u00d8degaard.<\/p>\n<p>Viktor Gy\u00f6keres, som har f\u00e5tt begr\u00e4nsad speltid den h\u00e4r s\u00e4songen, byttes in med drygt tio minuter kvar av matchen men fick ingenting utr\u00e4ttat. <\/p>\n<p>Arsenal st\u00e5r nu p\u00e5 nio po\u00e4ng efter tre spelade matcher och toppar ligan ihop med Manchester City. <\/p>\n<p>Omni \u00e4r politiskt obundna och oberoende. Vi str\u00e4var efter att ge fler perspektiv p\u00e5 nyheterna. Har du fr\u00e5gor eller synpunkter kring v\u00e5r rapportering? <a href=\"https:\/\/omni.se\/arsenal-vande-och-vann-gyokeres-fick-hoppa-in\/a\/mailto:redaktion@omni.se\" class=\"ArticleActions-module-scss-module__w9u9BG__contactLink\" rel=\"nofollow noopener\" target=\"_blank\">Kontakta redaktionen<\/a><\/p>\n","protected":false},"excerpt":{"rendered":"Arsenal vann Londonderbyt mot Chelsea med 2\u20131 under s\u00f6ndagen. Det avg\u00f6rande m\u00e5let kom i b\u00f6rjan av den andra&hellip;\n","protected":false},"author":2,"featured_media":368726,"comment_status":"","ping_status":"","sticky":false,"template":"","format":"standard","meta":{"footnotes":"","_share_on_mastodon":"0"},"categories":[5],"tags":[298,22,23,26,27,138,17,21,24,25,28,29,3331,15,16,18,34,31,33,32,30,19,20,296],"class_list":["post-368725","post","type-post","status-publish","format-standard","has-post-thumbnail","category-rubriker","tag-arsenal-fc","tag-breaking-news","tag-breakingnews","tag-featured-news","tag-featurednews","tag-fotboll","tag-headlines","tag-huvudnyheter","tag-latest-news","tag-latestnews","tag-main-news","tag-mainnews","tag-manchester-city","tag-news","tag-nyheter","tag-rubriker","tag-se","tag-svenska","tag-sverige","tag-sweden","tag-swedish","tag-top-stories","tag-topstories","tag-viktor-gyokeres"],"share_on_mastodon":{"url":"https:\/\/pubeurope.com\/@se\/117225405014603639","error":""},"_links":{"self":[{"href":"https:\/\/www.europesays.com\/se\/wp-json\/wp\/v2\/posts\/368725","targetHints":{"allow":["GET"]}}],"collection":[{"href":"https:\/\/www.europesays.com\/se\/wp-json\/wp\/v2\/posts"}],"about":[{"href":"https:\/\/www.europesays.com\/se\/wp-json\/wp\/v2\/types\/post"}],"author":[{"embeddable":true,"href":"https:\/\/www.europesays.com\/se\/wp-json\/wp\/v2\/users\/2"}],"replies":[{"embeddable":true,"href":"https:\/\/www.europesays.com\/se\/wp-json\/wp\/v2\/comments?post=368725"}],"version-history":[{"count":0,"href":"https:\/\/www.europesays.com\/se\/wp-json\/wp\/v2\/posts\/368725\/revisions"}],"wp:featuredmedia":[{"embeddable":true,"href":"https:\/\/www.europesays.com\/se\/wp-json\/wp\/v2\/media\/368726"}],"wp:attachment":[{"href":"https:\/\/www.europesays.com\/se\/wp-json\/wp\/v2\/media?parent=368725"}],"wp:term":[{"taxonomy":"category","embeddable":true,"href":"https:\/\/www.europesays.com\/se\/wp-json\/wp\/v2\/categories?post=368725"},{"taxonomy":"post_tag","embeddable":true,"href":"https:\/\/www.europesays.com\/se\/wp-json\/wp\/v2\/tags?post=368725"}],"curies":[{"name":"wp","href":"https:\/\/api.w.org\/{rel}","templated":true}]}}