{"id":37001,"date":"2025-09-22T18:38:14","date_gmt":"2025-09-22T18:38:14","guid":{"rendered":"https:\/\/www.europesays.com\/se\/37001\/"},"modified":"2025-09-22T18:38:14","modified_gmt":"2025-09-22T18:38:14","slug":"putin-oppnar-for-att-forlanga-nedrustningsavtal","status":"publish","type":"post","link":"https:\/\/www.europesays.com\/se\/37001\/","title":{"rendered":"Putin \u00f6ppnar f\u00f6r att f\u00f6rl\u00e4nga nedrustningsavtal"},"content":{"rendered":"<p>Publicerad 22 sep 2025 kl 15.00Uppdaterad kl 16.44<\/p>\n<p>Putin \u00f6ppnar f\u00f6r att f\u00f6rl\u00e4nga nedrustningsavtalet \u201dNy start\u201d.<\/p>\n<p>Det l\u00f6per ut i februari n\u00e4sta \u00e5r.<\/p>\n<p>Det f\u00f6ruts\u00e4tter dock att USA f\u00f6ljer Rysslands exempel.\u00a0<\/p>\n<p>Senaste nyhetsklippen fr\u00e5n Expressen.<img   alt=\"\"\/><\/p>\n<p>Vladimir Putin i ryska s\u00e4kerhetsr\u00e5det.<\/p>\n<p>Foto: ALEXANDER KAZAKOV \/ AP TT NYHETSBYR\u00c5N<\/p>\n<p>\u00d6ppna bild i helsk\u00e4rm<img loading=\"lazy\"   alt=\"\"\/><\/p>\n<p>Vladimir Putin.<\/p>\n<p>Foto: ALEXANDER KAZAKOV \/ AP TT NYHETSBYR\u00c5N<\/p>\n<p>\u00d6ppna bild i helsk\u00e4rm<img loading=\"lazy\"   alt=\"\"\/><\/p>\n<p>USA:s president Donad Trump.<\/p>\n<p>Foto: JIM LOSCALZO &#8211; POOL VIA CNP \/ CNP \/ POLARIS POLARIS IMAGES<\/p>\n<p>\u00d6ppna bild i helsk\u00e4rm<\/p>\n<p>Det var p\u00e5 m\u00e5ndagen som Rysslands president <a href=\"https:\/\/www.expressen.se\/tagg\/person\/vladimir-putin\/\" class=\"\" rel=\"nofollow noopener\" target=\"_blank\">Vladimir Putin<\/a> talade i det ryska s\u00e4kerhetsr\u00e5det.\u00a0<\/p>\n<p>D\u00e5 var budskapet bland annat att Ryssland ska st\u00e4rka sin f\u00f6rsvarsf\u00f6rm\u00e5ga ytterligare, p\u00e5 grund av \u201dden globala situationen\u201d, rapporterar statskontrollerade ryska nyhetsbyr\u00e5n Ria Novosti.\u00a0<\/p>\n<p>\u2013 Ryssland \u00e4r redo att svara p\u00e5 alla hot, inte bara med ord.\u00a0<\/p>\n<p>Kan begr\u00e4nsa k\u00e4rnvapen<\/p>\n<p>Samtidigt meddelade Putin att Ryssland kan forts\u00e4tta begr\u00e4nsa antalet k\u00e4rnvapen i ytterligare ett \u00e5r \u2013 trots att ett avtal med USA l\u00f6per ut den 5 februari 2026.\u00a0<\/p>\n<p>Det skulle d\u00e5 handla om att f\u00f6rl\u00e4nga nedrustningsavtalet \u201dNy start\u201d mellan Kreml och Vita huset, som begr\u00e4nsar landets k\u00e4rnvapenarsenaler. Avtalet \u00e4r det sista av sitt slag g\u00e4llande vapenkontroll mellan stormakterna.<\/p>\n<p>Men Putin f\u00f6rv\u00e4ntar sig att USA g\u00f6r samma sak. N\u00e5got annat skulle inneb\u00e4ra \u201dnegativa konsekvenser f\u00f6r den globala stabiliteten\u201d, enligt honom.\u00a0<\/p>\n<p>Flera ryska provokationer<\/p>\n<p>Putins tal i det ryska s\u00e4kerhetsr\u00e5det kommer efter flera ryska provokationer \u00f6ver europeiskt luftrum. Senast i fredags kr\u00e4nkte tre ryska stridsplan Estlands luftrum i tolv minuter.\u00a0<\/p>\n<p>Det fick Estland att \u00e5beropa Natos artikel fyra, som anger att medlemmar ska samr\u00e5da br\u00e5dskande n\u00e4r ett medlemsland k\u00e4nner sig hotat.<\/p>\n<p>Moskva har tillbakavisat att det skulle r\u00f6ra sig om en provokation. Enligt det ryska f\u00f6rsvarsdepartementet var planen p\u00e5 \u201den regulj\u00e4r flygning helt i enlighet med internationella luftrumsregler och kr\u00e4nkte inte n\u00e5gra andra staters gr\u00e4nser, vilket bekr\u00e4ftas av objektiv \u00f6vervakning\u201d.<\/p>\n<p>Sverige skickade stridsflyg<\/p>\n<p>Tv\u00e5 dagar efter den ryska kr\u00e4nkningen av estniskt luftrum identifierades \u00e4nnu ett ryskt milit\u00e4rflygplan \u00f6ver \u00d6stersj\u00f6n. Sverige och Tyskland skickade ut stridsflygplan f\u00f6r att identifiera och f\u00f6lja det ryska spaningsflygplanet.\u00a0<\/p>\n<p>Fredagens kr\u00e4nkningar \u00f6ver Estland skedde en knapp vecka efter att \u00f6ver 20 ryska dr\u00f6nare kr\u00e4nkt Polens luftrum. Flera av dem sk\u00f6ts ned. Senare tr\u00e4ngde en rysk dr\u00f6nare in i Rum\u00e4nien.<\/p>\n<p><img alt=\"\"\/>Ljudklippet gick inte att spela upp<\/p>\n<p>F\u00f6rs\u00f6k igen senare<\/p>\n<p><strong>L\u00c4S MER: <\/strong><a href=\"https:\/\/www.expressen.se\/nyheter\/varlden\/putin-okar-pressen-fyra-krankningar-pa-kort-tid-hot\/\" class=\"\" rel=\"nofollow noopener\" target=\"_blank\">Putin \u00f6kar pressen \u2013 fyra kr\u00e4nkningar p\u00e5 kort tid: \u201dHot\u201d<\/a><strong>L\u00c4S MER: <\/strong><a href=\"https:\/\/www.expressen.se\/nyheter\/varlden\/expert-krankningar-kan-vara-rysk-hybridkampanj\/\" class=\"\" rel=\"nofollow noopener\" target=\"_blank\">Expert: Kr\u00e4nkningar kan vara rysk hybridkampanj<\/a><strong>L\u00c4S MER: <\/strong><a href=\"https:\/\/www.expressen.se\/nyheter\/varlden\/ryskt-militarflyg-over-ostersjon\/\" class=\"\" rel=\"nofollow noopener\" target=\"_blank\">Svensk insats mot ryskt milit\u00e4rflyg \u00f6ver \u00d6stersj\u00f6n<\/a>Ber\u00e4ttar om olyckan.<\/p>\n","protected":false},"excerpt":{"rendered":"Publicerad 22 sep 2025 kl 15.00Uppdaterad kl 16.44 Putin \u00f6ppnar f\u00f6r att f\u00f6rl\u00e4nga nedrustningsavtalet \u201dNy start\u201d. Det l\u00f6per&hellip;\n","protected":false},"author":2,"featured_media":37002,"comment_status":"","ping_status":"","sticky":false,"template":"","format":"standard","meta":{"footnotes":""},"categories":[5],"tags":[22,23,26,27,17,21,24,25,274,28,29,15,16,203,18,34,55,31,33,32,30,19,3915,20],"class_list":{"0":"post-37001","1":"post","2":"type-post","3":"status-publish","4":"format-standard","5":"has-post-thumbnail","7":"category-rubriker","8":"tag-breaking-news","9":"tag-breakingnews","10":"tag-featured-news","11":"tag-featurednews","12":"tag-headlines","13":"tag-huvudnyheter","14":"tag-latest-news","15":"tag-latestnews","16":"tag-location-ryssland","17":"tag-main-news","18":"tag-mainnews","19":"tag-news","20":"tag-nyheter","21":"tag-person-vladimir-putin","22":"tag-rubriker","23":"tag-se","24":"tag-sections-varlden","25":"tag-svenska","26":"tag-sverige","27":"tag-sweden","28":"tag-swedish","29":"tag-top-stories","30":"tag-topic-karnvapen","31":"tag-topstories"},"share_on_mastodon":{"url":"","error":""},"_links":{"self":[{"href":"https:\/\/www.europesays.com\/se\/wp-json\/wp\/v2\/posts\/37001","targetHints":{"allow":["GET"]}}],"collection":[{"href":"https:\/\/www.europesays.com\/se\/wp-json\/wp\/v2\/posts"}],"about":[{"href":"https:\/\/www.europesays.com\/se\/wp-json\/wp\/v2\/types\/post"}],"author":[{"embeddable":true,"href":"https:\/\/www.europesays.com\/se\/wp-json\/wp\/v2\/users\/2"}],"replies":[{"embeddable":true,"href":"https:\/\/www.europesays.com\/se\/wp-json\/wp\/v2\/comments?post=37001"}],"version-history":[{"count":0,"href":"https:\/\/www.europesays.com\/se\/wp-json\/wp\/v2\/posts\/37001\/revisions"}],"wp:featuredmedia":[{"embeddable":true,"href":"https:\/\/www.europesays.com\/se\/wp-json\/wp\/v2\/media\/37002"}],"wp:attachment":[{"href":"https:\/\/www.europesays.com\/se\/wp-json\/wp\/v2\/media?parent=37001"}],"wp:term":[{"taxonomy":"category","embeddable":true,"href":"https:\/\/www.europesays.com\/se\/wp-json\/wp\/v2\/categories?post=37001"},{"taxonomy":"post_tag","embeddable":true,"href":"https:\/\/www.europesays.com\/se\/wp-json\/wp\/v2\/tags?post=37001"}],"curies":[{"name":"wp","href":"https:\/\/api.w.org\/{rel}","templated":true}]}}