{"id":37026,"date":"2025-09-22T19:13:07","date_gmt":"2025-09-22T19:13:07","guid":{"rendered":"https:\/\/www.europesays.com\/se\/37026\/"},"modified":"2025-09-22T19:13:07","modified_gmt":"2025-09-22T19:13:07","slug":"claes-malmberg-kanga-mot-sjukvarden-spara-pengar","status":"publish","type":"post","link":"https:\/\/www.europesays.com\/se\/37026\/","title":{"rendered":"Claes Malmberg k\u00e4nga mot sjukv\u00e5rden: \u201dSpara pengar\u201d"},"content":{"rendered":"<p>Publicerad 22 sep 2025 kl 21.01<\/p>\n<p>Claes Malmberg s\u00e4ger att han f\u00e5tt livet tillbaka.<\/p>\n<p>Sk\u00e5despelaren har bytt till en dyrare bromsmedicin mot prostatacancern \u2013 och slipper nu b\u00e5de potensproblem och tr\u00f6tthet.<\/p>\n<p>Han kritiserar nu sjukv\u00e5rden f\u00f6r att inte skriva ut medicinen oftare.<\/p>\n<p>\u2013 Det \u00e4r som himmel och helvete.<\/p>\n<p><img   alt=\"\"\/><\/p>\n<p>Claes Malmberg har bytt bromsmedicin mot cancern och m\u00e5r nu mycket b\u00e4ttre.<\/p>\n<p>Foto: JENS CHRISTIAN<\/p>\n<p>\u00d6ppna bild i helsk\u00e4rm<\/p>\n<p><a href=\"https:\/\/www.expressen.se\/tagg\/person\/claes-malmberg\/\" class=\"\" rel=\"nofollow noopener\" target=\"_blank\">Claes Malmberg<\/a>, 64, lever med obotlig prostatacancer och tar bromsmedicin f\u00f6r att den inte ska sprida sig.<\/p>\n<p>Tidigare har 64-\u00e5ringen str\u00e5lats mot cancern men det beh\u00f6vs inte i nul\u00e4get, s\u00e4ger Malmberg.<\/p>\n<p>Sk\u00e5despelaren har tidigare ber\u00e4ttat att den f\u00f6rsta bromsmedicinen han fick gjorde honom b\u00e5de tr\u00f6tt och deprimerad. Han fick \u00e4ven problem med potensen.<\/p>\n<p>\u201dDet \u00e4r inte ett v\u00e4rdigt liv\u201d<\/p>\n<p>Nu har han bytt till en annan, dyrare, bromsmedicin \u2013 och s\u00e4ger sj\u00e4lv att han f\u00e5tt livet tillbaka.\u00a0<\/p>\n<p>\u2013 Det \u00e4r inte ett v\u00e4rdigt liv att \u00e4ta de tabletterna. Och om man j\u00e4mf\u00f6r med den medicin jag har nu \u00e4r det som himmel och helvete.<\/p>\n<p>Den nya medicinen s\u00e4nker inte testosteronet utan blockerar det fr\u00e5n st\u00e4llen d\u00e4r det inte ska vara, har Malmberg tidigare beskrivit.\u00a0<\/p>\n<p>Han riktar nu kritik mot att sjukv\u00e5rden inte skriver ut den dyrare bromsmedicinen oftare.<\/p>\n<p>\u2013 Om jag t\u00e4nker p\u00e5 att det g\u00e5r m\u00e4n och \u00e4ter den andra medicinen tycker jag innerligt synd om dem. N\u00e4r jag vet att det finns andra s\u00e4tt att hj\u00e4lpa dem p\u00e5, s\u00e4ger han och forts\u00e4tter:<\/p>\n<p>\u2013 Det \u00e4r en kritik jag har mot sjukv\u00e5rden i stort. Att man f\u00e5r ett s\u00e4mre liv bara f\u00f6r att sjukv\u00e5rden ska spara pengar. Det \u00e4r uppr\u00f6rande, s\u00e4ger han.<\/p>\n<p>Fullt upp med jobb, familj och flickv\u00e4nnen<\/p>\n<p>Sk\u00e5despelaren ber\u00e4ttar att han m\u00e5r \u201dalldeles utm\u00e4rkt\u201d och jobbar f\u00f6r fullt. Han repeterar nu tv\u00e5 pj\u00e4ser samtidigt, dramat \u201dD\u00f6dsdansen\u201d p\u00e5 Riksteatern i Stockholm i veckorna och skr\u00e4ckkomedin \u201dMyrna Vep\u201d i G\u00f6teborg p\u00e5 helgerna.<\/p>\n<p>Trots mycket jobb kl\u00e4mmer han in tr\u00e4ffar med sina n\u00e4ra och k\u00e4ra.<\/p>\n<p>\u2013 Just nu har jag mina barnbarn och min dotter h\u00e4r hemma, s\u00e4ger Malmberg.<\/p>\n<p><img loading=\"lazy\"   alt=\"\"\/><\/p>\n<p>Hannah Alem Davidson och Claes Malmberg ihop p\u00e5 l\u00e4karen under en GAIS-match.<\/p>\n<p>Foto: Henrik Isaksson\/TT \/ TT NYHETSBYR\u00c5N<\/p>\n<p>\u00d6ppna bild i helsk\u00e4rm<\/p>\n<p><strong>Hur \u00e4r det med k\u00e4rleken Hannah d\u00e5? Hinner du tr\u00e4ffa henne ocks\u00e5?<\/strong><\/p>\n<p>\u2013 Ja, hon bor i Stockholm s\u00e5 henne tr\u00e4ffar jag nog mest av alla. Jag repeterar i Stockholm fem dagar i veckan, s\u00e4ger Malmberg som \u00e4r tillsammans med 28 \u00e5r yngre flickv\u00e4nnen Hannah Alem Davidson, 36.<\/p>\n","protected":false},"excerpt":{"rendered":"Publicerad 22 sep 2025 kl 21.01 Claes Malmberg s\u00e4ger att han f\u00e5tt livet tillbaka. Sk\u00e5despelaren har bytt till&hellip;\n","protected":false},"author":2,"featured_media":37027,"comment_status":"","ping_status":"","sticky":false,"template":"","format":"standard","meta":{"footnotes":""},"categories":[67],"tags":[104,135,3917,34,31,33,32,30,688,547,109,1090,105],"class_list":{"0":"post-37026","1":"post","2":"type-post","3":"status-publish","4":"format-standard","5":"has-post-thumbnail","7":"category-underhallning","8":"tag-entertainment","9":"tag-location-stockholm","10":"tag-person-claes-malmberg","11":"tag-se","12":"tag-svenska","13":"tag-sverige","14":"tag-sweden","15":"tag-swedish","16":"tag-topic-halsa-sjukvard","17":"tag-topic-karlek-relationer","18":"tag-topic-skadespelare","19":"tag-topic-teater","20":"tag-underhallning"},"share_on_mastodon":{"url":"","error":""},"_links":{"self":[{"href":"https:\/\/www.europesays.com\/se\/wp-json\/wp\/v2\/posts\/37026","targetHints":{"allow":["GET"]}}],"collection":[{"href":"https:\/\/www.europesays.com\/se\/wp-json\/wp\/v2\/posts"}],"about":[{"href":"https:\/\/www.europesays.com\/se\/wp-json\/wp\/v2\/types\/post"}],"author":[{"embeddable":true,"href":"https:\/\/www.europesays.com\/se\/wp-json\/wp\/v2\/users\/2"}],"replies":[{"embeddable":true,"href":"https:\/\/www.europesays.com\/se\/wp-json\/wp\/v2\/comments?post=37026"}],"version-history":[{"count":0,"href":"https:\/\/www.europesays.com\/se\/wp-json\/wp\/v2\/posts\/37026\/revisions"}],"wp:featuredmedia":[{"embeddable":true,"href":"https:\/\/www.europesays.com\/se\/wp-json\/wp\/v2\/media\/37027"}],"wp:attachment":[{"href":"https:\/\/www.europesays.com\/se\/wp-json\/wp\/v2\/media?parent=37026"}],"wp:term":[{"taxonomy":"category","embeddable":true,"href":"https:\/\/www.europesays.com\/se\/wp-json\/wp\/v2\/categories?post=37026"},{"taxonomy":"post_tag","embeddable":true,"href":"https:\/\/www.europesays.com\/se\/wp-json\/wp\/v2\/tags?post=37026"}],"curies":[{"name":"wp","href":"https:\/\/api.w.org\/{rel}","templated":true}]}}