{"id":37057,"date":"2025-09-22T20:24:12","date_gmt":"2025-09-22T20:24:12","guid":{"rendered":"https:\/\/www.europesays.com\/se\/37057\/"},"modified":"2025-09-22T20:24:12","modified_gmt":"2025-09-22T20:24:12","slug":"djurgardens-niklas-wikegard-slar-tillbaka-vi-tycker-det-ar-fel","status":"publish","type":"post","link":"https:\/\/www.europesays.com\/se\/37057\/","title":{"rendered":"Djurg\u00e5rdens Niklas Wikeg\u00e5rd sl\u00e5r tillbaka: &#8221;Vi tycker det \u00e4r fel&#8221;"},"content":{"rendered":"<p><strong>Djurg\u00e5rden erk\u00e4nner att de gjorde ett medvetet fel \u2013\u00a0och spelade Linus Klasen i U20-serien.<br \/>Men Niklas Wikeg\u00e5rd tycker att reglerna \u00e4r fel.<br \/>\u2013 D\u00e4r gjorde de en liten bom, s\u00e4ger f\u00f6reningens sportsligt ansvarige i en video p\u00e5 klubbens Instagram.<\/strong><\/p>\n<p><img loading=\"lazy\" decoding=\"async\" width=\"700\" height=\"450\" src=\"https:\/\/www.europesays.com\/se\/wp-content\/uploads\/2025\/09\/Circle-in-image-1-10.webp.webp\" alt=\"\" class=\"wp-image-306012\"  \/>Wikeg\u00e5rd om Linus Klasen-snackisen.<br \/>Foto: Bildbyr\u00e5n<\/p>\n<p><a href=\"https:\/\/hockeysverige.se\/klubb\/djurgardens-if-hockey\" rel=\"nofollow noopener\" target=\"_blank\">Djurg\u00e5rden<\/a> avverkade tv\u00e5 matcher i U20-serien i helgen, d\u00e4r <a href=\"https:\/\/hockeysverige.se\/spelare\/linus-klasen\" rel=\"nofollow noopener\" target=\"_blank\">Linus Klasen<\/a> fick delta. Den 39-\u00e5rige forwarden spelade allts\u00e5 med och mot spelare drygt 20 \u00e5r yngre \u00e4n honom sj\u00e4lv. <\/p>\n<p>P\u00e5 m\u00e5ndagen kunde Aftonbladet uppdaga att Linus Klasens medverkande var otill\u00e5ten.<\/p>\n<p>\u2013 Vi f\u00e5r diskutera och se till att det inte h\u00e4nder igen, s\u00e4ger Mike Helber, strategisk sportchef p\u00e5  Svenska Ishockeyf\u00f6rbundet tidigare under m\u00e5ndagen till\u00a0<a href=\"https:\/\/www.aftonbladet.se\/sportbladet\/hockey\/a\/0VPQwo\/djurgarden-brot-mot-reglerna\" rel=\"nofollow noopener\" target=\"_blank\">tidningen<\/a>.<\/p>\n<p>\u201dVi hade missat det\u201d<\/p>\n<p>P\u00e5 <a href=\"https:\/\/www.instagram.com\/reel\/DO59afqiL1C\/?igsh=MWhwcDgwYWkycGg5MQ%3D%3D\" rel=\"nofollow noopener\" target=\"_blank\">sociala medier<\/a> uttalade sig Djurg\u00e5rdens sportsligt ansvarige Niklas Wikeg\u00e5rd p\u00e5 m\u00e5ndagen om situationen.<\/p>\n<p>Att det inte l\u00e4ngre \u00e4r till\u00e5tet med \u00f6ver\u00e5riga spelare i seriespel, det h\u00e4vdar Wikeg\u00e5rd att f\u00f6reningen inte hade koll p\u00e5.<\/p>\n<p>\u2013\u00a0Vi hade missat att de hade tagit bort m\u00f6jligheten f\u00f6r seniorer f\u00f6dda 04 och tidigare att spela i serien. Vi har n\u00e5gra spelare som inte har f\u00e5tt s\u00e5 mycket speltid s\u00e5som (Hugo) Blixt och (Jakob) Ragnarsson och s\u00e5 vidare. De f\u00e5r inte spela i J20. <\/p>\n<p>\u201dDet \u00e4r fantastiskt av en 39-\u00e5rig spelare\u201d<\/p>\n<p>Vidare menar han att Linus Klasen, som ju spelade olovligt i helgen, har sagt sj\u00e4lv att han ville spela de b\u00e5de matcherna mot Mora och Leksand i helgen.<\/p>\n<p>Detta f\u00f6r att bli redo mot Fr\u00f6lunda. <\/p>\n<p>\u2013\u00a0Det \u00e4r fantastiskt av en 39-\u00e5rig spelare. P\u00e5 l\u00f6rdagen h\u00f6r vi en f\u00e5gel som viskar att han inte f\u00e5r spela och att han \u00e4r \u00f6ver\u00e5rig. Vi f\u00e5r beskedet sent och matchen har b\u00f6rjat, vi b\u00f6rjar d\u00e5 leta information i serie- och tr\u00e4ningsbest\u00e4mmelser. Det \u00e4r fel att spela Klasen, konstaterar Wikeg\u00e5rd. <\/p>\n<p>F\u00f6reningen har respekt f\u00f6r reglerna, menar han. Men..<\/p>\n<p>\u2013\u00a0Vi tycker att det \u00e4r fel. Vi gjorde ett medvetet val att l\u00e5ta honom spela mot Leksand \u00e4nd\u00e5 p\u00e5 s\u00f6ndagen f\u00f6r att prova reglerna lite grann. Vi f\u00f6rst\u00e5r att man vill skapa en \u00e4ldre juniorserie med bara tre 05or. Men d\u00e4r gjorde de en liten bom n\u00e4r man inte ger m\u00f6jligheten till spelare som \u00e4r \u00e4ldre att f\u00e5 istid och komma tillbaka fr\u00e5n skada.<\/p>\n<p>Linus Klasen blev skadad mot Leksand och tros nu bli borta i minst fyra till sex veckor.<\/p>\n<p><script async src=\"\/\/www.instagram.com\/embed.js\"><\/script><\/p>\n","protected":false},"excerpt":{"rendered":"Djurg\u00e5rden erk\u00e4nner att de gjorde ett medvetet fel \u2013\u00a0och spelade Linus Klasen i U20-serien.Men Niklas Wikeg\u00e5rd tycker att&hellip;\n","protected":false},"author":2,"featured_media":37058,"comment_status":"","ping_status":"","sticky":false,"template":"","format":"standard","meta":{"footnotes":""},"categories":[5],"tags":[22,23,26,27,17,21,24,25,28,29,15,16,18,34,133,134,31,33,32,30,355,19,20],"class_list":{"0":"post-37057","1":"post","2":"type-post","3":"status-publish","4":"format-standard","5":"has-post-thumbnail","7":"category-rubriker","8":"tag-breaking-news","9":"tag-breakingnews","10":"tag-featured-news","11":"tag-featurednews","12":"tag-headlines","13":"tag-huvudnyheter","14":"tag-latest-news","15":"tag-latestnews","16":"tag-main-news","17":"tag-mainnews","18":"tag-news","19":"tag-nyheter","20":"tag-rubriker","21":"tag-se","22":"tag-second-news","23":"tag-shl","24":"tag-svenska","25":"tag-sverige","26":"tag-sweden","27":"tag-swedish","28":"tag-talang","29":"tag-top-stories","30":"tag-topstories"},"share_on_mastodon":{"url":"","error":""},"_links":{"self":[{"href":"https:\/\/www.europesays.com\/se\/wp-json\/wp\/v2\/posts\/37057","targetHints":{"allow":["GET"]}}],"collection":[{"href":"https:\/\/www.europesays.com\/se\/wp-json\/wp\/v2\/posts"}],"about":[{"href":"https:\/\/www.europesays.com\/se\/wp-json\/wp\/v2\/types\/post"}],"author":[{"embeddable":true,"href":"https:\/\/www.europesays.com\/se\/wp-json\/wp\/v2\/users\/2"}],"replies":[{"embeddable":true,"href":"https:\/\/www.europesays.com\/se\/wp-json\/wp\/v2\/comments?post=37057"}],"version-history":[{"count":0,"href":"https:\/\/www.europesays.com\/se\/wp-json\/wp\/v2\/posts\/37057\/revisions"}],"wp:featuredmedia":[{"embeddable":true,"href":"https:\/\/www.europesays.com\/se\/wp-json\/wp\/v2\/media\/37058"}],"wp:attachment":[{"href":"https:\/\/www.europesays.com\/se\/wp-json\/wp\/v2\/media?parent=37057"}],"wp:term":[{"taxonomy":"category","embeddable":true,"href":"https:\/\/www.europesays.com\/se\/wp-json\/wp\/v2\/categories?post=37057"},{"taxonomy":"post_tag","embeddable":true,"href":"https:\/\/www.europesays.com\/se\/wp-json\/wp\/v2\/tags?post=37057"}],"curies":[{"name":"wp","href":"https:\/\/api.w.org\/{rel}","templated":true}]}}