{"id":37144,"date":"2025-09-23T00:57:14","date_gmt":"2025-09-23T00:57:14","guid":{"rendered":"https:\/\/www.europesays.com\/se\/37144\/"},"modified":"2025-09-23T00:57:14","modified_gmt":"2025-09-23T00:57:14","slug":"gudmundur-mogensen-mordade-gangmamman-i-akalla","status":"publish","type":"post","link":"https:\/\/www.europesays.com\/se\/37144\/","title":{"rendered":"Gudmundur Mogensen m\u00f6rdade g\u00e4ngmamman i Akalla"},"content":{"rendered":"<p>Fredrik Sj\u00f6shult<\/p>\n<p>Publicerad 22 sep 2025 kl 18.17Uppdaterad kl 20.47<\/p>\n<p>Gudmundur Mogensen, 41, erk\u00e4nner att han m\u00f6rdade g\u00e4ngmannens mamma i Akalla.<\/p>\n<p>\u00c5terigen \u00e4r det en udda f\u00e5gel som sitter framf\u00f6r mig i en s\u00e4kerhetssal: Han \u00e4r ostraffad, har en bakgrund i Stockholms krogv\u00e4rld men har varit fast i kokainet.<\/p>\n<p>Mogensens inkompetens som g\u00e4ngm\u00f6rdare var extrem. Kronan p\u00e5 verket var en selfie d\u00e4r uppdragsgivaren avsl\u00f6jades och mordet erk\u00e4ndes:<\/p>\n<p>\u201dJAG KLIPPTE K\u00c4RRINGEN I AKALLA\u201d<\/p>\n<p>Senaste nyhetsklippen fr\u00e5n Expressen.<\/p>\n<p>Detta \u00e4r en kommenterande text. Analys och st\u00e4llningstaganden \u00e4r skribentens.<\/p>\n<p><img   alt=\"\"\/><\/p>\n<p>Gudmundur Mogensen.<\/p>\n<p>Foto: Polisen<\/p>\n<p>\u00d6ppna bild i helsk\u00e4rm<img   alt=\"\"\/>Fredrik Sj\u00f6shult<\/p>\n<p>F\u00f6rklaringen till att Gudmundur Mogensen sitter framf\u00f6r mig i tingsr\u00e4tten stavas med all sannolikhet kokain. Han har uppenbarligen missbrukat enorma m\u00e4ngder och skaffat sig skulder. Men om hans vilja att m\u00f6rda beror p\u00e5 det eller att hj\u00e4rnan slutat fungera som normalt p\u00e5 grund av drogerna \u00e4r oklart.<\/p>\n<p><strong>\u00c5terigen handlar det om en synnerligen klantig utf\u00f6rare med en udda bakgrund.<\/strong><\/p>\n<p>Han heter Gudmundur Mogensen, \u00e4r 41 \u00e5r gammal och \u00e4r f\u00f6dd i Hestra s\u00f6der om J\u00f6nk\u00f6ping. Han har jobbat p\u00e5 flera v\u00e4lk\u00e4nda krogar i Stockholm p\u00e5 bland annat \u00d6stermalm och i Gamla stan samt p\u00e5 Gotland.<\/p>\n<p>Han f\u00e5r sitt uppdrag fr\u00e5n n\u00e5gon som \u00e4r kopplad till det kriminella n\u00e4tverket i Dalen. I b\u00f6rjan av oktober f\u00f6rra \u00e5ret f\u00e5r han kontakt med best\u00e4llare av v\u00e5ldsd\u00e5d i n\u00e4tverket och erbjuder sig att utf\u00f6ra uppdrag mot kokain som betalning.<\/p>\n<p>Gudmundur Mogensen spelar in ett samtal med anstiftaren och sparar p\u00e5 sin mobil \u2013 och nu preciseras best\u00e4llningen till mord. Han kr\u00e4ver 300 000 kronor f\u00f6r att utf\u00f6ra en d\u00f6dsskjutning men lovar d\u00e5 att m\u00f6rda en hel familj.<\/p>\n<p><img loading=\"lazy\"   alt=\"\"\/><\/p>\n<p>Gudmundur Mogensen fotograferad av polis<\/p>\n<p>Foto: Polisen<\/p>\n<p>\u00d6ppna bild i helsk\u00e4rm<\/p>\n<p>I samtalet kallar han sin uppdragsgivare \u201dbror\u201d g\u00e5ng p\u00e5 g\u00e5ng samtidigt som det h\u00f6rs sp\u00e5r av hans J\u00f6nk\u00f6pingsdialekt.<\/p>\n<p>\u201dJag t\u00e4nker om det \u00e4r ett barn jag kommer skjuta barnet i huvudet direkt, sen g\u00e5r jag in och skjuter resten. F\u00f6r jag kan inte va med att ett barn blir skjutet och inte resten d\u00f6r f\u00f6rst\u00e5r du vad jag menar?\u201d<\/p>\n<p>Anstiftaren, som hittills inte har identifierats, f\u00f6rs\u00f6ker lugna ned Gudmundur Mogensen. Best\u00e4llaren s\u00e4ger att han helst inte vill att en fem\u00e5ring skjuts ihj\u00e4l men att det inte g\u00f6r n\u00e5got om det \u00e4r en 12-13-\u00e5ring.<\/p>\n<p>Mogensen f\u00e5r en lista med sex adresser. Den f\u00f6rsta personen som \u00f6ppnar t\u00e4nker han skjuta ihj\u00e4l den h\u00e4r dagen i slutet av oktober. Han ringer bland annat p\u00e5 hos en k\u00e4nd g\u00e4ngledares mamma i Kista men hon \u00f6ppnar inte.<\/p>\n<p><img loading=\"lazy\"   alt=\"\"\/><\/p>\n<p>Flickv\u00e4nnen k\u00f6pte kl\u00e4der p\u00e5 Jula till Mogensen.<\/p>\n<p>Foto: Polisen<\/p>\n<p>\u00d6ppna bild i helsk\u00e4rm<\/p>\n<p>G\u00e4ngmamman i <a href=\"https:\/\/www.expressen.se\/tagg\/location\/akalla\/\" class=\"\" rel=\"nofollow noopener\" target=\"_blank\">Akalla<\/a> \u00e4r nummer sex p\u00e5 hans lista och n\u00e4r hon \u00f6ppnar skjuter han ihj\u00e4l henne.<\/p>\n<p>Fyra timmar efter mordet ringer Gudmundur Mogensens flickv\u00e4n in ett m\u00e4rkligt larmsamtal till 112. Hon l\u00e4mnar detaljer som inte st\u00e4mmer med det som h\u00e4nt och f\u00f6rs\u00f6ker ocks\u00e5 l\u00e4gga ut ett villosp\u00e5r om en flyende \u201dsvart snubbe\u201d. Mogensen har l\u00e5ngt ljust h\u00e5r och yvigt ljust sk\u00e4gg.<\/p>\n<p><strong>Flickv\u00e4nnens samtal var ett uppenbart f\u00f6rs\u00f6k att s\u00e4tta polisen p\u00e5 fel sp\u00e5r vilket gjorde att det udda paret blev intressant i mordutredningen.<\/strong><\/p>\n<p>Tv\u00e5 veckor efter mordet avsl\u00f6jas m\u00f6rdaren p\u00e5 Instagram. Han \u00e5ker till Berlin efter mordet tillsammans med flickv\u00e4nnen men efter n\u00e5gra stimmiga dagar v\u00e4nder han hem och p\u00e5 planet tar han en selfie \u2013 och en uppdatering g\u00f6rs p\u00e5 hans Instagramkonto:<\/p>\n<p>\u201dJAG KLIPPTE K\u00c4RRINGEN I AKALLA. Jag jobbade f\u00f6r Greken och Dalen (\u2026) Hon dog 15.50, hon skrek nej nej nej\u2026.\u201d<\/p>\n<p><img loading=\"lazy\"   alt=\"\"\/><\/p>\n<p>Instagramuppdateringen.<\/p>\n<p>Foto: Polisen<\/p>\n<p>\u00d6ppna bild i helsk\u00e4rm<\/p>\n<p>N\u00e4r Gudmundur Mogensen landar i Stockholm har en rad personer uppmanat honom att radera uppdateringen och han g\u00f6r det. Men polisen f\u00e5r vetskap om hans erk\u00e4nnande och sex dagar senare tycker polis och \u00e5klagare att tillr\u00e4ckligt med bevis har samlats in f\u00f6r att kunna gripa honom och flickv\u00e4nnen.<\/p>\n<p>Annons<\/p>\n<p><strong>Mordutredarna f\u00e5r god hj\u00e4lp av de misst\u00e4nktas bristande kompetens inom det omr\u00e5de som de gett sig in p\u00e5.<\/strong><\/p>\n<p>Samtalet som m\u00f6rdaren haft med anstiftaren har han sparat och det finns kvar i en mobil som hittats. Han har \u00e4ven spelat in l\u00e5nga samtal som han haft med sin flickv\u00e4n om mordet.<\/p>\n<p>Polisen kan ocks\u00e5 sp\u00e5ra den telefon som anv\u00e4nts n\u00e4r flickv\u00e4nnen ringt till 112. Det \u00e4r en speciell mobil med ett utl\u00e4ndskt kontantkort som k\u00f6pts in p\u00e5 en obskyr butik d\u00e4r Dalen-n\u00e4tverket varit frekventa kunder.<\/p>\n<p><img loading=\"lazy\"   alt=\"\"\/><\/p>\n<p>Mogensen var utkl\u00e4dd till fastighetssk\u00f6tare n\u00e4r han ringde p\u00e5 hos personerna p\u00e5 d\u00f6dslistan.<\/p>\n<p>Foto: Polisen<\/p>\n<p>\u00d6ppna bild i helsk\u00e4rm<\/p>\n<p>Flickv\u00e4nnens k\u00f6p av kl\u00e4der, som senare syns p\u00e5 \u00f6vervakningskameror fr\u00e5n morddagen, kan enkelt kartl\u00e4ggas. P\u00e5 mordplatsen i Akalla hittas ocks\u00e5 Mogensens DNA p\u00e5 en av hylsorna som l\u00e4mnats kvar.<\/p>\n<p>N\u00e4r r\u00e4tteg\u00e5ngen inleddes p\u00e5 m\u00e5ndagen erk\u00e4nde den misst\u00e4nkte att han gjort sig skyldig till mord. Han h\u00e4vdar inte att han agerat i n\u00f6dv\u00e4rn men uppger att han varit utsatt f\u00f6r hot och att det ska vara en f\u00f6rmildrande omst\u00e4ndighet n\u00e4r han f\u00e5r sitt straff.<\/p>\n<p><strong>Gudmundur Mogensen, som inf\u00f6r r\u00e4tteg\u00e5ngen bytt namn till Johan Svensson, s\u00e4ger att han \u00e4r f\u00f6rtvivlad \u00f6ver det som h\u00e4nt.<\/strong><\/p>\n<p>Hans flickv\u00e4n och en annan man, som bland annat anklagas f\u00f6r att ha levererat vapnet och varit chauff\u00f6r, nekar ocks\u00e5.<\/p>\n<p><strong>L\u00c4S MER: <\/strong><a href=\"https:\/\/www.expressen.se\/nyheter\/krim\/tva-mammor-skulle-mordas-samma-dag-i-akalla\/\" class=\"\" rel=\"nofollow noopener\" target=\"_blank\">Tv\u00e5 mammor skulle m\u00f6rdas samma dag i Akalla<\/a><\/p>\n","protected":false},"excerpt":{"rendered":"Fredrik Sj\u00f6shult Publicerad 22 sep 2025 kl 18.17Uppdaterad kl 20.47 Gudmundur Mogensen, 41, erk\u00e4nner att han m\u00f6rdade g\u00e4ngmannens&hellip;\n","protected":false},"author":2,"featured_media":37145,"comment_status":"","ping_status":"","sticky":false,"template":"","format":"standard","meta":{"footnotes":""},"categories":[5],"tags":[22,23,26,27,17,21,24,25,3165,28,29,15,16,18,34,1419,31,33,32,30,19,436,20],"class_list":{"0":"post-37144","1":"post","2":"type-post","3":"status-publish","4":"format-standard","5":"has-post-thumbnail","7":"category-rubriker","8":"tag-breaking-news","9":"tag-breakingnews","10":"tag-featured-news","11":"tag-featurednews","12":"tag-headlines","13":"tag-huvudnyheter","14":"tag-latest-news","15":"tag-latestnews","16":"tag-location-akalla","17":"tag-main-news","18":"tag-mainnews","19":"tag-news","20":"tag-nyheter","21":"tag-rubriker","22":"tag-se","23":"tag-sections-fredriksjoshult","24":"tag-svenska","25":"tag-sverige","26":"tag-sweden","27":"tag-swedish","28":"tag-top-stories","29":"tag-topic-valdsbrott-mord","30":"tag-topstories"},"share_on_mastodon":{"url":"","error":""},"_links":{"self":[{"href":"https:\/\/www.europesays.com\/se\/wp-json\/wp\/v2\/posts\/37144","targetHints":{"allow":["GET"]}}],"collection":[{"href":"https:\/\/www.europesays.com\/se\/wp-json\/wp\/v2\/posts"}],"about":[{"href":"https:\/\/www.europesays.com\/se\/wp-json\/wp\/v2\/types\/post"}],"author":[{"embeddable":true,"href":"https:\/\/www.europesays.com\/se\/wp-json\/wp\/v2\/users\/2"}],"replies":[{"embeddable":true,"href":"https:\/\/www.europesays.com\/se\/wp-json\/wp\/v2\/comments?post=37144"}],"version-history":[{"count":0,"href":"https:\/\/www.europesays.com\/se\/wp-json\/wp\/v2\/posts\/37144\/revisions"}],"wp:featuredmedia":[{"embeddable":true,"href":"https:\/\/www.europesays.com\/se\/wp-json\/wp\/v2\/media\/37145"}],"wp:attachment":[{"href":"https:\/\/www.europesays.com\/se\/wp-json\/wp\/v2\/media?parent=37144"}],"wp:term":[{"taxonomy":"category","embeddable":true,"href":"https:\/\/www.europesays.com\/se\/wp-json\/wp\/v2\/categories?post=37144"},{"taxonomy":"post_tag","embeddable":true,"href":"https:\/\/www.europesays.com\/se\/wp-json\/wp\/v2\/tags?post=37144"}],"curies":[{"name":"wp","href":"https:\/\/api.w.org\/{rel}","templated":true}]}}