{"id":37180,"date":"2025-09-23T03:50:18","date_gmt":"2025-09-23T03:50:18","guid":{"rendered":"https:\/\/www.europesays.com\/se\/37180\/"},"modified":"2025-09-23T03:50:18","modified_gmt":"2025-09-23T03:50:18","slug":"slut-pa-eran-buffett-avyttrar-hela-innehavet-i-kinesiska-jatten","status":"publish","type":"post","link":"https:\/\/www.europesays.com\/se\/37180\/","title":{"rendered":"Slut p\u00e5 eran \u2013 Buffett avyttrar hela innehavet i kinesiska j\u00e4tten"},"content":{"rendered":"<p>Berkshire Hathaway har helt avyttrat sin extremt l\u00f6nsamma aktieinvestering i den kinesiska elfordonstillverkaren BYD, skriver <a href=\"https:\/\/www.cnbc.com\/2025\/09\/21\/buffett-munger-byd-exits-stake.html\" rel=\"nofollow noopener\" target=\"_blank\">CNBC<\/a>.<\/p>\n<p>I augusti 2022 b\u00f6rjade Berkshire minska den position p\u00e5 225 miljoner aktier som de hade k\u00f6pt 2008 f\u00f6r 230 miljoner dollar.<\/p>\n<p>Detta f\u00f6ljde en \u00f6kning med 41 procent av positionens v\u00e4rde under \u00e5rets andra kvartal till 9 miljarder dollar.<\/p>\n<p>I <a href=\"https:\/\/www.dagensps.se\/bors-finans\/berkshire-trimmar-ner-innehav-i-byd\/\" rel=\"nofollow noopener\" target=\"_blank\">juni f\u00f6rra \u00e5ret<\/a> hade Berkshire s\u00e5lt n\u00e4stan 76 procent av sin andel. Detta innebar att de \u00e4gde strax under 5 procent av BYDs utest\u00e5ende aktier.<\/p>\n<p>Buffet k\u00f6pte p\u00e5 inr\u00e5dan av sin h\u00f6gra hand<\/p>\n<p>Berkshire k\u00f6pte in sig i den kinesiska biltillverkaren redan 2008 p\u00e5 inr\u00e5dan av <strong>Warren Buffets<\/strong> \u201ch\u00f6gra hand\u201d <strong>Charlie Munger<\/strong>.<\/p>\n<p>Vid \u00e5rsst\u00e4mman 2009 ber\u00e4ttade Munger f\u00f6r aktie\u00e4garna att \u00e4ven om det s\u00e5g ut som att \u201dWarren och jag har blivit galna\u201d, s\u00e5g han f\u00f6retaget och dess vd, <strong>Wang Chuanfu<\/strong>, som ett \u201df\u00f6rbannat mirakel\u201d.<\/p>\n<p>Buffett har inte f\u00f6rklarat i detalj varf\u00f6r Berkshire b\u00f6rjade s\u00e4lja. Men \u00e5r 2023 ber\u00e4ttade han f\u00f6r CNBC att BYD \u00e4r ett \u201cextraordin\u00e4rt f\u00f6retag\u201d som drivs av en \u201cextraordin\u00e4r person\u201d. Han sa \u00e4ven att: \u201cjag tror att vi kommer att hitta saker att g\u00f6ra med pengarna som jag kommer att m\u00e5 b\u00e4ttre \u00f6ver\u201d.<\/p>\n<p>Inte den enda som s\u00e4ljer av i BYD<\/p>\n<p>Buffet \u00e4r heller inte ensam om att s\u00e4lja av sina BYD-aktier. <\/p>\n<p>P\u00e5 bara <a href=\"https:\/\/www.dagensps.se\/bors-finans\/aktier\/byds-aktier-paniksaljs-glansdagarna-over\/\" rel=\"nofollow noopener\" target=\"_blank\">fyra m\u00e5nader <\/a>har det skett en aktief\u00f6rs\u00e4ljning f\u00f6r 45 miljarder dollar. Detta har f\u00e5tt aktien att rasa med 30 procent fr\u00e5n de tidigare rekordniv\u00e5erna.<\/p>\n<p>BYD, den enskilt st\u00f6rsta akt\u00f6ren p\u00e5 den kinesiska marknaden, har haft det k\u00e4mpigt den senaste tiden. Bolaget \u00e4r h\u00e5rt pressade av \u00f6verproduktion som sk\u00e4r in i marginalerna.<\/p>\n<p>Ungef\u00e4r i samma veva som Warren Buffet s\u00e5lt av i BYD har han ist\u00e4llet valt att \u00f6ka sitt innehav i det japanska handelskonglomeratet <a href=\"https:\/\/www.dagensps.se\/bors-finans\/aktier\/har-tankar-warren-buffett-aktier-just-nu\/\" rel=\"nofollow noopener\" target=\"_blank\">Mitsui &amp; Co<\/a>.<\/p>\n","protected":false},"excerpt":{"rendered":"Berkshire Hathaway har helt avyttrat sin extremt l\u00f6nsamma aktieinvestering i den kinesiska elfordonstillverkaren BYD, skriver CNBC. I augusti&hellip;\n","protected":false},"author":2,"featured_media":37181,"comment_status":"","ping_status":"","sticky":false,"template":"","format":"standard","meta":{"footnotes":""},"categories":[65],"tags":[3927,3928,72,3929,70,71,34,31,33,32,30,3930,2605],"class_list":{"0":"post-37180","1":"post","2":"type-post","3":"status-publish","4":"format-standard","5":"has-post-thumbnail","7":"category-ekonomi","8":"tag-aktiekop","9":"tag-berkshire-hathaway","10":"tag-business","11":"tag-byd","12":"tag-economy","13":"tag-ekonomi","14":"tag-se","15":"tag-svenska","16":"tag-sverige","17":"tag-sweden","18":"tag-swedish","19":"tag-warranter","20":"tag-warren-buffett"},"share_on_mastodon":{"url":"","error":""},"_links":{"self":[{"href":"https:\/\/www.europesays.com\/se\/wp-json\/wp\/v2\/posts\/37180","targetHints":{"allow":["GET"]}}],"collection":[{"href":"https:\/\/www.europesays.com\/se\/wp-json\/wp\/v2\/posts"}],"about":[{"href":"https:\/\/www.europesays.com\/se\/wp-json\/wp\/v2\/types\/post"}],"author":[{"embeddable":true,"href":"https:\/\/www.europesays.com\/se\/wp-json\/wp\/v2\/users\/2"}],"replies":[{"embeddable":true,"href":"https:\/\/www.europesays.com\/se\/wp-json\/wp\/v2\/comments?post=37180"}],"version-history":[{"count":0,"href":"https:\/\/www.europesays.com\/se\/wp-json\/wp\/v2\/posts\/37180\/revisions"}],"wp:featuredmedia":[{"embeddable":true,"href":"https:\/\/www.europesays.com\/se\/wp-json\/wp\/v2\/media\/37181"}],"wp:attachment":[{"href":"https:\/\/www.europesays.com\/se\/wp-json\/wp\/v2\/media?parent=37180"}],"wp:term":[{"taxonomy":"category","embeddable":true,"href":"https:\/\/www.europesays.com\/se\/wp-json\/wp\/v2\/categories?post=37180"},{"taxonomy":"post_tag","embeddable":true,"href":"https:\/\/www.europesays.com\/se\/wp-json\/wp\/v2\/tags?post=37180"}],"curies":[{"name":"wp","href":"https:\/\/api.w.org\/{rel}","templated":true}]}}