{"id":37230,"date":"2025-09-23T04:57:12","date_gmt":"2025-09-23T04:57:12","guid":{"rendered":"https:\/\/www.europesays.com\/se\/37230\/"},"modified":"2025-09-23T04:57:12","modified_gmt":"2025-09-23T04:57:12","slug":"oppositionens-krav-romina-pourmokhtari-borde-avga","status":"publish","type":"post","link":"https:\/\/www.europesays.com\/se\/37230\/","title":{"rendered":"Oppositionens krav: Romina Pourmokhtari borde avg\u00e5"},"content":{"rendered":"<p>Publicerad 22 sep 2025 kl 19.22<\/p>\n<p>Regeringen missar flera stora klimatpolitiska m\u00e5l.<\/p>\n<p>D\u00e4rf\u00f6r borde klimatminister Romina Pourmokhtari (L) avg\u00e5, anser oppositionen.<\/p>\n<p>\u2013 Hon borde ta sig sj\u00e4lv p\u00e5 orden, s\u00e4ger Socialdemokraternas ekonomisk-politiska talesperson Mikael Damberg.<\/p>\n<p>\u2013 Jag sk\u00e4ms inte f\u00f6r svensk klimatpolitik, vi \u00e4r ett f\u00f6reg\u00e5ngsland, s\u00e4ger finansminister Elisabeth Svantesson (M).<\/p>\n<p>Under m\u00e5ndagen presenterade Elisabeth Svantesson budgeten.<img loading=\"lazy\"   alt=\"\"\/><\/p>\n<p>Romina Pourmokhtari.<\/p>\n<p>Foto: Anders Wiklund\/TT \/ TT NYHETSBYR\u00c5N<\/p>\n<p>\u00d6ppna bild i helsk\u00e4rm<img loading=\"lazy\"   alt=\"\"\/><\/p>\n<p>Mikael Damberg.<\/p>\n<p>Foto: Jonas Ekstr\u00f6mer\/TT \/ TT NYHETSBYR\u00c5N<\/p>\n<p>\u00d6ppna bild i helsk\u00e4rm<\/p>\n<p>Det \u00e4r klimatministerns egna ord som v\u00e4nds emot henne.<\/p>\n<p>Vid flera tillf\u00e4llen har klimatminister <a href=\"https:\/\/www.expressen.se\/tagg\/person\/romina-pourmokhtari\/\" class=\"\" rel=\"nofollow noopener\" target=\"_blank\">Romina Pourmokhtari<\/a> (L) upprepat att hon avg\u00e5r om hon inte kan st\u00e5 f\u00f6r regeringens klimatpolitik, och om utsl\u00e4ppen \u00f6kar.<\/p>\n<p>\u2013 Om jag inte st\u00e5r f\u00f6r politiken som vi ska driva igenom, d\u00e5 vore det ohederligt av mig att sitta kvar, sa hon till Svenska Dagbladet 2022.<\/p>\n<p>I <a href=\"https:\/\/www.sverigesradio.se\/avsnitt\/klimatmal-svara-att-na-erkanner-klimatministern\" rel=\"nofollow noopener\" target=\"_blank\">Sveriges Radios \u201dKlotet\u201d<\/a> har hon sagt att hon skulle avg\u00e5 om \u201dvi r\u00f6r oss l\u00e4ngre fr\u00e5n Sveriges klimatm\u00e5l och utsl\u00e4ppen \u00f6kar med mig som klimatminister\u201d.<\/p>\n<p>\u201dHar sj\u00e4lv sagt\u201d<\/p>\n<p>N\u00e4r regeringen nu presenterar h\u00f6stbudgeten st\u00e5r det klart att man \u00e4r l\u00e5ngt ifr\u00e5n att n\u00e5 uppsatta klimatpolitiska m\u00e5l, och Romina Pourmokhtari har anklagats f\u00f6r att b\u00e5de <a href=\"https:\/\/www.expressen.se\/nyheter\/politik\/linds-kritik-mot-pourmokhtari-om-okade-utslappen\/\" rel=\"nofollow noopener\" target=\"_blank\">skylla<\/a> ifr\u00e5n sig och siffertrixa.<\/p>\n<p>Centerpartiets Martin \u00c5dahl riktar skarp kritik mot Pourmokhtari, och p\u00e5minner om utf\u00e4stelsen.<\/p>\n<p>\u2013 Missar man alla m\u00e5l och har dramatiskt \u00f6kande klimatutsl\u00e4pp&#8230; Ja, det \u00e4r v\u00e4l inte vad en klimatminister ska g\u00f6ra.<\/p>\n<p>\u2013 Hon har sj\u00e4lv sagt att om hon inte klarar n\u00e5got enda av m\u00e5len s\u00e5 ska hon inte forts\u00e4tta som klimatminister.<\/p>\n<p>\u00c4ven Ida Gabrielsson (V) s\u00e4ger att klimatministern inte g\u00f6r sitt jobb och borde hoppa av. Men det g\u00e4ller flera ministrar.<\/p>\n<p>\u2013 Finansministern och statsministern \u00e4r de som sitter p\u00e5 pengarna och sista ordet. Hade de velat investera i den gr\u00f6na omst\u00e4llningen, d\u00e5 hade de gjort det.<\/p>\n<p>MP: Tydligt l\u00f6fte<\/p>\n<p>Milj\u00f6partiets Janine Alm Ericson har kr\u00e4vt klimatministerns avg\u00e5ng en l\u00e4ngre tid, och \u00e4ven hon p\u00e5minner om l\u00f6ftet att hoppa av.<\/p>\n<p>\u2013 Romina Pourmokhtari sa ocks\u00e5 att om inte min regering s\u00e4nker utsl\u00e4ppen, s\u00e5 kommer jag att hoppa av. Det \u00e4r ett v\u00e4ldigt tydligt l\u00f6fte fr\u00e5n en politiker som ocks\u00e5 borde h\u00e5llas.<\/p>\n<p>Mikael Damberg (S) tycker ocks\u00e5 att Romina Pourmokhtari ska lyssna p\u00e5 sitt egna r\u00e5d.<\/p>\n<p>\u2013 Nu \u00e4r det svart p\u00e5 vitt att Sverige verkligen har brutit en utveckling d\u00e4r vi tidigare hade h\u00f6gre tillv\u00e4xt och minskade utsl\u00e4pp. Nu har vi haft l\u00e5g tillv\u00e4xt och \u00f6kande utsl\u00e4pp. Och vi kommer allt l\u00e4ngre fr\u00e5n de m\u00e5l som klimatministern s\u00e4ger att hon ska uppfylla. S\u00e5 d\u00e5 borde hon v\u00e4l ta sig sj\u00e4lv p\u00e5 ordet och avg\u00e5.<\/p>\n<p>Finansministerns f\u00f6rsvar<\/p>\n<p>N\u00e4r finansminister Elisabeth Svantesson presenterade regeringens budget tog hon regeringskollegan och regeringens klimatpolitik i f\u00f6rsvar.<\/p>\n<p>\u2013 Jag sk\u00e4ms inte f\u00f6r svensk klimatpolitik, vi \u00e4r ett f\u00f6reg\u00e5ngsland, s\u00e4ger finansminister Elisabeth Svantesson (M).\u00a0<\/p>\n<p>P\u00e5 fr\u00e5gan om klimatm\u00e5len \u00e4r f\u00f6r orealistiska eller h\u00e5rda svarar hon att fler l\u00e4nder \u00e4n Sverige st\u00e5r inf\u00f6r utmaningar med dem.<\/p>\n<p>\u2013 Det \u00e4r inte f\u00f6r h\u00e5rt satt generellt men uppenbart \u00e4r att det \u00e4r sv\u00e5rt nu och det h\u00e4r k\u00e4mpar alla europeiska l\u00e4nder med, s\u00e4ger Svantesson.<\/p>\n<p><strong>L\u00c4S MER: <\/strong><a href=\"https:\/\/www.expressen.se\/nyheter\/politik\/hostbudgeten-2026-familjer-prioriterade\/\" class=\"\" rel=\"nofollow noopener\" target=\"_blank\">H\u00f6stbudgeten 2026: Familjer prioriterade<\/a><strong>L\u00c4S MER: <\/strong><a href=\"https:\/\/www.expressen.se\/nyheter\/politik\/oppositionens-reaktioner-pa-budgeten-s-vill-ha-ursakt\/\" class=\"\" rel=\"nofollow noopener\" target=\"_blank\">Politiska reaktioner p\u00e5 budgeten \u2013 S vill ha urs\u00e4kt<\/a>Di:s politiska redakt\u00f6r Frida Wallnor g\u00e4stade \u201dB\u00f6rskoll\u201d.<\/p>\n","protected":false},"excerpt":{"rendered":"Publicerad 22 sep 2025 kl 19.22 Regeringen missar flera stora klimatpolitiska m\u00e5l. D\u00e4rf\u00f6r borde klimatminister Romina Pourmokhtari (L)&hellip;\n","protected":false},"author":2,"featured_media":37231,"comment_status":"","ping_status":"","sticky":false,"template":"","format":"standard","meta":{"footnotes":""},"categories":[5],"tags":[22,23,26,27,17,21,24,25,28,29,15,16,2803,224,18,34,583,31,33,32,30,19,152,3685,20],"class_list":{"0":"post-37230","1":"post","2":"type-post","3":"status-publish","4":"format-standard","5":"has-post-thumbnail","7":"category-rubriker","8":"tag-breaking-news","9":"tag-breakingnews","10":"tag-featured-news","11":"tag-featurednews","12":"tag-headlines","13":"tag-huvudnyheter","14":"tag-latest-news","15":"tag-latestnews","16":"tag-main-news","17":"tag-mainnews","18":"tag-news","19":"tag-nyheter","20":"tag-person-mikael-damberg","21":"tag-person-romina-pourmokhtari","22":"tag-rubriker","23":"tag-se","24":"tag-sections-politik","25":"tag-svenska","26":"tag-sverige","27":"tag-sweden","28":"tag-swedish","29":"tag-top-stories","30":"tag-topic-inrikespolitik","31":"tag-topic-klimatpolitik","32":"tag-topstories"},"share_on_mastodon":{"url":"","error":""},"_links":{"self":[{"href":"https:\/\/www.europesays.com\/se\/wp-json\/wp\/v2\/posts\/37230","targetHints":{"allow":["GET"]}}],"collection":[{"href":"https:\/\/www.europesays.com\/se\/wp-json\/wp\/v2\/posts"}],"about":[{"href":"https:\/\/www.europesays.com\/se\/wp-json\/wp\/v2\/types\/post"}],"author":[{"embeddable":true,"href":"https:\/\/www.europesays.com\/se\/wp-json\/wp\/v2\/users\/2"}],"replies":[{"embeddable":true,"href":"https:\/\/www.europesays.com\/se\/wp-json\/wp\/v2\/comments?post=37230"}],"version-history":[{"count":0,"href":"https:\/\/www.europesays.com\/se\/wp-json\/wp\/v2\/posts\/37230\/revisions"}],"wp:featuredmedia":[{"embeddable":true,"href":"https:\/\/www.europesays.com\/se\/wp-json\/wp\/v2\/media\/37231"}],"wp:attachment":[{"href":"https:\/\/www.europesays.com\/se\/wp-json\/wp\/v2\/media?parent=37230"}],"wp:term":[{"taxonomy":"category","embeddable":true,"href":"https:\/\/www.europesays.com\/se\/wp-json\/wp\/v2\/categories?post=37230"},{"taxonomy":"post_tag","embeddable":true,"href":"https:\/\/www.europesays.com\/se\/wp-json\/wp\/v2\/tags?post=37230"}],"curies":[{"name":"wp","href":"https:\/\/api.w.org\/{rel}","templated":true}]}}