{"id":37509,"date":"2025-09-23T10:51:08","date_gmt":"2025-09-23T10:51:08","guid":{"rendered":"https:\/\/www.europesays.com\/se\/37509\/"},"modified":"2025-09-23T10:51:08","modified_gmt":"2025-09-23T10:51:08","slug":"mikael-hjelmberg-bekraftar-bajen-kan-tjana-mer-pa-toure-absolut","status":"publish","type":"post","link":"https:\/\/www.europesays.com\/se\/37509\/","title":{"rendered":"Mikael Hjelmberg bekr\u00e4ftar \u2013 Bajen kan tj\u00e4na mer p\u00e5 Tour\u00e9: &#8221;Absolut&#8221;"},"content":{"rendered":"<p><strong>Bazoumana Tour\u00e9 g\u00f6r succ\u00e9 i Bundesliga och under g\u00e5rdagen kom spektakul\u00e4ra uppgifter g\u00e4llande yttern och <a href=\"https:\/\/fotbolldirekt.se\/klubb\/liverpool\/\" rel=\"nofollow noopener\" target=\"_blank\">Liverpool<\/a>.<br \/>Blir det en flytt f\u00f6r Tour\u00e9 fram\u00f6ver s\u00e5 finns det m\u00f6jlighet f\u00f6r ekonomisk avkastning f\u00f6r <a href=\"https:\/\/fotbolldirekt.se\/klubb\/hammarby-if\/\" rel=\"nofollow noopener\" target=\"_blank\">Hammarby<\/a>. <br \/>\u201dDet g\u00f6r det absolut\u201d, bekr\u00e4ftar Mikael Hjelmberg f\u00f6r FotbollDirekt via sms. <\/strong><\/p>\n<p><img loading=\"lazy\" decoding=\"async\" width=\"1024\" height=\"576\" src=\"https:\/\/www.europesays.com\/se\/wp-content\/uploads\/2025\/09\/Hjelm-Hjelm-1024x576.jpg\" alt=\"\" class=\"wp-image-320781\"  \/>Foto: Bildbyr\u00e5n\/ Alamy<\/p>\n<p>138 miljoner kronor och allsvensk rekordf\u00f6rs\u00e4ljning i januari.<br \/><a href=\"https:\/\/fotbolldirekt.se\/silly-season\/klart-toure-lamnar-hammarby-bekraftar-rekordovergang\/\" rel=\"nofollow noopener\" target=\"_blank\">Det var hur \u00e5ret b\u00f6rjade f\u00f6r Bazoumana Tour\u00e9<\/a> som i vintras l\u00e4mnade Hammarby f\u00f6r Hoffenheim.<\/p>\n<p>Sedan flytten har ivorianen gjort stor succ\u00e9 i Bundesliga-klubben och hittills den h\u00e4r s\u00e4songen har det blivit tv\u00e5 assist p\u00e5 fyra Bundesliga-matcher f\u00f6r 19-\u00e5ringen. <br \/>Tour\u00e9s succ\u00e9 har inte g\u00e5tt obem\u00e4rkt f\u00f6rbi ute i Europa och under g\u00e5rdagen kom spektakul\u00e4ra uppgifter om att<a href=\"https:\/\/fotbolldirekt.se\/silly-season\/uppgifter-storklubben-har-bazoumana-toure-pa-sin-radar\/\" rel=\"nofollow noopener\" target=\"_blank\"> han \u00e4r p\u00e5 Premier League-m\u00e4starna Liverpools radar.<\/a><\/p>\n<p>Huruvida en \u00f6verg\u00e5ng till Liverpool, eller n\u00e5gon annan storklubb, blir aktuell i januari eller l\u00e4ngre fram \u00e5terst\u00e5r att se. N\u00e5got som dock kan sl\u00e5s fast nu \u00e4r att Hammarby har m\u00f6jlighet till ytterligare ekonomisk avkastning f\u00f6r Tour\u00e9. <br \/>Detta bekr\u00e4ftar n\u00e4mligen Hammarbys sportchef Mikael Hjelmberg f\u00f6r FotbollDirekt. <\/p>\n<p>\u00a0\u201dJa det g\u00f6r det absolut\u201d, skriver han i ett sms till FD. <\/p>\n<p>Hjelmberg kommenterar \u00e4ven uppgifterna om Liverpool och vad det skulle betyda ifall en spelare som var i Hammarby f\u00f6r blott nio m\u00e5nader sedan, skulle flytta till en av v\u00e4rldens st\u00f6rsta klubbar. <\/p>\n<p>\u201dSkulle det bli s\u00e5, s\u00e5 \u00e4r det ett utm\u00e4rkt kvitto p\u00e5 v\u00e5r scouting och utvecklingsverksamhet.<strong> Samt en stor gl\u00e4dje och stolthet f\u00f6r personen och spelaren Bazou<\/strong>\u201d, skriver han.<\/p>\n<p><strong>Avslutningsvis, vad tycker du om hans start i Hoffenheim och har ni haft n\u00e5gon kontakt sedan flytten? <\/strong><br \/>\u201dDen har varit imponerande. Jag \u00e4r oerh\u00f6rt glad f\u00f6r hans skull. Ja, vi har kontakt regelbundet\u201d, avslutar Hjelmberg. <\/p>\n","protected":false},"excerpt":{"rendered":"Bazoumana Tour\u00e9 g\u00f6r succ\u00e9 i Bundesliga och under g\u00e5rdagen kom spektakul\u00e4ra uppgifter g\u00e4llande yttern och Liverpool.Blir det en&hellip;\n","protected":false},"author":2,"featured_media":37510,"comment_status":"","ping_status":"","sticky":false,"template":"","format":"standard","meta":{"footnotes":""},"categories":[68],"tags":[754,34,111,110,31,33,32,30],"class_list":{"0":"post-37509","1":"post","2":"type-post","3":"status-publish","4":"format-standard","5":"has-post-thumbnail","7":"category-sport","8":"tag-huvudblock","9":"tag-se","10":"tag-sport","11":"tag-sports","12":"tag-svenska","13":"tag-sverige","14":"tag-sweden","15":"tag-swedish"},"share_on_mastodon":{"url":"","error":""},"_links":{"self":[{"href":"https:\/\/www.europesays.com\/se\/wp-json\/wp\/v2\/posts\/37509","targetHints":{"allow":["GET"]}}],"collection":[{"href":"https:\/\/www.europesays.com\/se\/wp-json\/wp\/v2\/posts"}],"about":[{"href":"https:\/\/www.europesays.com\/se\/wp-json\/wp\/v2\/types\/post"}],"author":[{"embeddable":true,"href":"https:\/\/www.europesays.com\/se\/wp-json\/wp\/v2\/users\/2"}],"replies":[{"embeddable":true,"href":"https:\/\/www.europesays.com\/se\/wp-json\/wp\/v2\/comments?post=37509"}],"version-history":[{"count":0,"href":"https:\/\/www.europesays.com\/se\/wp-json\/wp\/v2\/posts\/37509\/revisions"}],"wp:featuredmedia":[{"embeddable":true,"href":"https:\/\/www.europesays.com\/se\/wp-json\/wp\/v2\/media\/37510"}],"wp:attachment":[{"href":"https:\/\/www.europesays.com\/se\/wp-json\/wp\/v2\/media?parent=37509"}],"wp:term":[{"taxonomy":"category","embeddable":true,"href":"https:\/\/www.europesays.com\/se\/wp-json\/wp\/v2\/categories?post=37509"},{"taxonomy":"post_tag","embeddable":true,"href":"https:\/\/www.europesays.com\/se\/wp-json\/wp\/v2\/tags?post=37509"}],"curies":[{"name":"wp","href":"https:\/\/api.w.org\/{rel}","templated":true}]}}