{"id":37734,"date":"2025-09-23T15:27:19","date_gmt":"2025-09-23T15:27:19","guid":{"rendered":"https:\/\/www.europesays.com\/se\/37734\/"},"modified":"2025-09-23T15:27:19","modified_gmt":"2025-09-23T15:27:19","slug":"lennstrom-tranar-inte-med-laget-eget-program","status":"publish","type":"post","link":"https:\/\/www.europesays.com\/se\/37734\/","title":{"rendered":"Lennstr\u00f6m tr\u00e4nar inte med laget: &#8221;Eget program&#8221;"},"content":{"rendered":"<p><strong><a href=\"https:\/\/hockeysverige.se\/spelare\/theodor-lennstrom\/\" rel=\"nofollow noopener\" target=\"_blank\">Theodor Lennstr\u00f6m<\/a> saknades p\u00e5 <a href=\"https:\/\/hockeysverige.se\/klubb\/linkoping-hc\/\" rel=\"nofollow noopener\" target=\"_blank\">Link\u00f6pings<\/a> tisdagstr\u00e4ning och har inte tr\u00e4nat med laget de senaste dagarna. <\/strong><br \/><strong>Backen har en strulig f\u00f6rs\u00e4song bakom sig och drog ocks\u00e5 p\u00e5 sig en avst\u00e4ngning under l\u00f6rdagens match mot <a href=\"https:\/\/hockeysverige.se\/klubb\/skelleftea-aik\/\" rel=\"nofollow noopener\" target=\"_blank\">Skellefte\u00e5<\/a>.<br \/>\u2013 Han har f\u00e5tt spela v\u00e4ldigt mycket utifr\u00e5n den f\u00f6rs\u00e4songen han haft, s\u00e4ger nu LHC:s sjukgymnast Jonas Emmoth till <a href=\"https:\/\/www.corren.se\/sport\/ishockey\/artikel\/senaste-lhc-beskedet-om-elie-da-kan-han-vara-tillbaka\/rmpe372r\" rel=\"nofollow noopener\" target=\"_blank\">Corren<\/a>. <\/strong><\/p>\n<p><img loading=\"lazy\" decoding=\"async\" width=\"1024\" height=\"658\" src=\"https:\/\/www.europesays.com\/se\/wp-content\/uploads\/2025\/09\/Theodor-Lennstrom-1-1-1024x658.webp.webp\" alt=\"\" class=\"wp-image-306221\"  \/>Theodor Lennstr\u00f6m tr\u00e4nar inte med Link\u00f6ping.<br \/>\nFoto: Michael Erichsen\/Bildbyr\u00e5n.<\/p>\n<p>Det var under matchen mellan Link\u00f6ping och Skellefte\u00e5 som Theodor Lennstr\u00f6m levererade en crosschecking mot ansiktet p\u00e5 Skellefte\u00e5s <a href=\"https:\/\/hockeysverige.se\/spelare\/oscar-lindberg\/\" rel=\"nofollow noopener\" target=\"_blank\">Oscar Lindberg<\/a>. Detta resulterade i en bot p\u00e5 30 000 kr och en avst\u00e4ngning i tv\u00e5 matcher.<\/p>\n<p>Lennstr\u00f6m har ocks\u00e5 varit skadad under f\u00f6rs\u00e4songen och kom inte kommit till spel i n\u00e5gon tr\u00e4ningsmatch. Avst\u00e4ngningen och skadeproblematiken har resulterat i att nyckelpj\u00e4sen nu tr\u00e4nat utan resten av laget.<\/p>\n<p>\u2013 Vi har ett eget program f\u00f6r honom med tanke p\u00e5 hur hans f\u00f6rs\u00e4song var och att han \u00e4r avst\u00e4ngd. Han kommer att vara med laget imorgon igen, han laddar f\u00f6r n\u00e4sta vecka, s\u00e4ger Link\u00f6pings sjukgymnast Jonas Emmoth till Corren under tisdagen. <\/p>\n<p>Tung belastning direkt: \u201dDialog\u201d<\/p>\n<p>Theodor Lennstr\u00f6m kastades in i SHL-s\u00e4songen med huvudet f\u00f6rst och har f\u00e5tt spela en hel del under den inledande biten av s\u00e4songen. Enligt Jonas Emmoth har det inte varit helt optimalt med tanke p\u00e5 Lennstr\u00f6ms skadedrabbade f\u00f6rs\u00e4song.<\/p>\n<p>\u2013 Jag och Sebbe (Karlsson) har en dialog med tr\u00e4narna om uppl\u00e4gg och speltid, men absolut att han har f\u00e5tt spela mycket utifr\u00e5n den f\u00f6rs\u00e4song han har haft.<\/p>\n<p>Gl\u00e4djande f\u00f6r Link\u00f6ping \u00e4r dock att den rutinerade forwarden <a href=\"https:\/\/hockeysverige.se\/spelare\/remi-elie\/\" rel=\"nofollow noopener\" target=\"_blank\">Remi Elie<\/a> f\u00f6rv\u00e4ntas g\u00f6ra en \u00e5terkomst n\u00e4sta vecka.<\/p>\n<p> Source: <a href=\"https:\/\/www.eliteprospects.com\/player\/19767\/theodor-lennstr%C3%B6m\" target=\"_blank\" rel=\"noopener noreferrer nofollow\">Theodor Lennstr\u00f6m<\/a> @ Elite Prospects<\/p>\n","protected":false},"excerpt":{"rendered":"Theodor Lennstr\u00f6m saknades p\u00e5 Link\u00f6pings tisdagstr\u00e4ning och har inte tr\u00e4nat med laget de senaste dagarna. Backen har en&hellip;\n","protected":false},"author":2,"featured_media":37735,"comment_status":"","ping_status":"","sticky":false,"template":"","format":"standard","meta":{"footnotes":""},"categories":[5],"tags":[22,23,26,27,17,21,24,25,28,29,15,16,18,34,133,134,31,33,32,30,19,20],"class_list":{"0":"post-37734","1":"post","2":"type-post","3":"status-publish","4":"format-standard","5":"has-post-thumbnail","7":"category-rubriker","8":"tag-breaking-news","9":"tag-breakingnews","10":"tag-featured-news","11":"tag-featurednews","12":"tag-headlines","13":"tag-huvudnyheter","14":"tag-latest-news","15":"tag-latestnews","16":"tag-main-news","17":"tag-mainnews","18":"tag-news","19":"tag-nyheter","20":"tag-rubriker","21":"tag-se","22":"tag-second-news","23":"tag-shl","24":"tag-svenska","25":"tag-sverige","26":"tag-sweden","27":"tag-swedish","28":"tag-top-stories","29":"tag-topstories"},"share_on_mastodon":{"url":"","error":""},"_links":{"self":[{"href":"https:\/\/www.europesays.com\/se\/wp-json\/wp\/v2\/posts\/37734","targetHints":{"allow":["GET"]}}],"collection":[{"href":"https:\/\/www.europesays.com\/se\/wp-json\/wp\/v2\/posts"}],"about":[{"href":"https:\/\/www.europesays.com\/se\/wp-json\/wp\/v2\/types\/post"}],"author":[{"embeddable":true,"href":"https:\/\/www.europesays.com\/se\/wp-json\/wp\/v2\/users\/2"}],"replies":[{"embeddable":true,"href":"https:\/\/www.europesays.com\/se\/wp-json\/wp\/v2\/comments?post=37734"}],"version-history":[{"count":0,"href":"https:\/\/www.europesays.com\/se\/wp-json\/wp\/v2\/posts\/37734\/revisions"}],"wp:featuredmedia":[{"embeddable":true,"href":"https:\/\/www.europesays.com\/se\/wp-json\/wp\/v2\/media\/37735"}],"wp:attachment":[{"href":"https:\/\/www.europesays.com\/se\/wp-json\/wp\/v2\/media?parent=37734"}],"wp:term":[{"taxonomy":"category","embeddable":true,"href":"https:\/\/www.europesays.com\/se\/wp-json\/wp\/v2\/categories?post=37734"},{"taxonomy":"post_tag","embeddable":true,"href":"https:\/\/www.europesays.com\/se\/wp-json\/wp\/v2\/tags?post=37734"}],"curies":[{"name":"wp","href":"https:\/\/api.w.org\/{rel}","templated":true}]}}