{"id":37750,"date":"2025-09-23T15:46:10","date_gmt":"2025-09-23T15:46:10","guid":{"rendered":"https:\/\/www.europesays.com\/se\/37750\/"},"modified":"2025-09-23T15:46:10","modified_gmt":"2025-09-23T15:46:10","slug":"ulrik-munther-har-blivit-pappa-bjornzone-stjarnans-bebislycka","status":"publish","type":"post","link":"https:\/\/www.europesays.com\/se\/37750\/","title":{"rendered":"Ulrik Munther har blivit pappa \u2013 Bj\u00f6rnzone-stj\u00e4rnans bebislycka"},"content":{"rendered":"<p>Publicerad 23 sep 2025 kl 17.34<\/p>\n<p>Bebislycka f\u00f6r Melloartisten och Bj\u00f6rnzone-profilen!<\/p>\n<p>Artisten Ulrik Munther har blivit pappa f\u00f6r f\u00f6rsta g\u00e5ngen.<\/p>\n<p><img   alt=\"\"\/><\/p>\n<p>Beata och Ulrik Munther.<\/p>\n<p>Foto: Karin T\u00f6rnblom\/TT \/ TT NYHETSBYR\u00c5N<\/p>\n<p>\u00d6ppna bild i helsk\u00e4rm<img loading=\"lazy\"   alt=\"\"\/><\/p>\n<p>Ulrik Munther under sin medverkan i Melodifestivalen 2012.<\/p>\n<p>Foto: JONAS EKSTR\u00d6MER\/SCANPIX\/TT NYHETSBYR\u00c5N<\/p>\n<p>\u00d6ppna bild i helsk\u00e4rm<\/p>\n<p>Ulrik Munther, 31 har t\u00e4vlat i Melodifestivalen flera g\u00e5nger och dessutom vunnit Lilla Melodifestivalen som barn.<\/p>\n<p>I fjol d\u00f6k han upp som en av medlemmarna i gruppen Bj\u00f6rnzone under en omtalad mellanakt i Melodifestivalen ihop med bland andra Bj\u00f6rn Gustafsson, M\u00e5ns Zelmerl\u00f6w och Eric Saade.<\/p>\n<p>Nu har artisten blivit pappa f\u00f6r f\u00f6rsta g\u00e5ngen ihop med frun Beata Munther, 31.<\/p>\n<p>P\u00e5 Instagram har han delat bilder p\u00e5 dottern och avsl\u00f6jar samtidigt hennes ovanliga namn.<\/p>\n<p>\u201dRagna Munther\u201d \u00e4r h\u00e4r\u201d, skriver han f\u00f6ljt av ett hj\u00e4rta.<\/p>\n<p>Nu str\u00f6mmar gratulationerna in bland kommentarerna.<\/p>\n<p><a href=\"https:\/\/www.instagram.com\/p\/DO8namWDPB0\/?img_index=1?hidecaption=true\" data-provider=\"instagram\" class=\"js-social-embed\" rel=\"nofollow noopener\" target=\"_blank\">https:\/\/www.instagram.com\/p\/DO8namWDPB0\/?img_index=1?hidecaption=true<\/a><script async src=\"\/\/www.instagram.com\/embed.js\"><\/script><\/p>\n","protected":false},"excerpt":{"rendered":"Publicerad 23 sep 2025 kl 17.34 Bebislycka f\u00f6r Melloartisten och Bj\u00f6rnzone-profilen! Artisten Ulrik Munther har blivit pappa f\u00f6r&hellip;\n","protected":false},"author":2,"featured_media":37751,"comment_status":"","ping_status":"","sticky":false,"template":"","format":"standard","meta":{"footnotes":""},"categories":[67],"tags":[104,34,31,33,32,30,402,105],"class_list":{"0":"post-37750","1":"post","2":"type-post","3":"status-publish","4":"format-standard","5":"has-post-thumbnail","7":"category-underhallning","8":"tag-entertainment","9":"tag-se","10":"tag-svenska","11":"tag-sverige","12":"tag-sweden","13":"tag-swedish","14":"tag-topic-artister","15":"tag-underhallning"},"share_on_mastodon":{"url":"","error":""},"_links":{"self":[{"href":"https:\/\/www.europesays.com\/se\/wp-json\/wp\/v2\/posts\/37750","targetHints":{"allow":["GET"]}}],"collection":[{"href":"https:\/\/www.europesays.com\/se\/wp-json\/wp\/v2\/posts"}],"about":[{"href":"https:\/\/www.europesays.com\/se\/wp-json\/wp\/v2\/types\/post"}],"author":[{"embeddable":true,"href":"https:\/\/www.europesays.com\/se\/wp-json\/wp\/v2\/users\/2"}],"replies":[{"embeddable":true,"href":"https:\/\/www.europesays.com\/se\/wp-json\/wp\/v2\/comments?post=37750"}],"version-history":[{"count":0,"href":"https:\/\/www.europesays.com\/se\/wp-json\/wp\/v2\/posts\/37750\/revisions"}],"wp:featuredmedia":[{"embeddable":true,"href":"https:\/\/www.europesays.com\/se\/wp-json\/wp\/v2\/media\/37751"}],"wp:attachment":[{"href":"https:\/\/www.europesays.com\/se\/wp-json\/wp\/v2\/media?parent=37750"}],"wp:term":[{"taxonomy":"category","embeddable":true,"href":"https:\/\/www.europesays.com\/se\/wp-json\/wp\/v2\/categories?post=37750"},{"taxonomy":"post_tag","embeddable":true,"href":"https:\/\/www.europesays.com\/se\/wp-json\/wp\/v2\/tags?post=37750"}],"curies":[{"name":"wp","href":"https:\/\/api.w.org\/{rel}","templated":true}]}}