{"id":37805,"date":"2025-09-23T17:16:11","date_gmt":"2025-09-23T17:16:11","guid":{"rendered":"https:\/\/www.europesays.com\/se\/37805\/"},"modified":"2025-09-23T17:16:11","modified_gmt":"2025-09-23T17:16:11","slug":"en-bostadsmarknad-som-cementerar-ojamlikhet","status":"publish","type":"post","link":"https:\/\/www.europesays.com\/se\/37805\/","title":{"rendered":"En bostadsmarknad som cementerar oj\u00e4mlikhet"},"content":{"rendered":"<p>Hyresg\u00e4stf\u00f6reningen: Hotar hela Sveriges samh\u00e4llsekonomi<img decoding=\"async\" class=\"image-asset hyperion-css-n6kkq1\" data-test-tag=\"image-asset\" src=\"https:\/\/www.europesays.com\/se\/wp-content\/uploads\/2025\/08\/ab-icon-circle-quote@2x.png\"  alt=\"\"  loading=\"lazy\" fetchpriority=\"auto\" style=\"aspect-ratio:16 \/ 16\"\/><\/p>\n<p class=\"boxtextgrotesk-root_baa6 hyperion-css-qkznpo\"><strong>Detta \u00e4r en debattartikel.<\/strong> Det \u00e4r skribenten som st\u00e5r f\u00f6r \u00e5sikterna som f\u00f6rs fram i texten, inte Aftonbladet.<\/p>\n<p>share-arrowDela<\/p>\n<p>unsaveSpara<\/p>\n<p>expand-left<\/p>\n<p>helsk\u00e4rm<img decoding=\"async\" class=\"image-asset hyperion-css-u06ts1\" data-test-tag=\"image-asset\" src=\"https:\/\/www.europesays.com\/se\/wp-content\/uploads\/2025\/09\/47712817-5b4d-4e34-b603-ca6b4c205c5b\"  alt=\"De som har f\u00f6r\u00e4ldrar med resurser kan f\u00e5 hj\u00e4lp med kontantinsats. Andra riskerar att bli fast i otrygga kontrakt eller i f\u00f6r\u00e4ldrahemmet. Resultatet \u00e4r en bostadsmarknad som cementerar oj\u00e4mlikhet, skriver Hyresg\u00e4stf\u00f6reningen i en debattartikel.\"  loading=\"eager\" fetchpriority=\"high\" style=\"aspect-ratio:1900 \/ 1264\"\/>De som har f\u00f6r\u00e4ldrar med resurser kan f\u00e5 hj\u00e4lp med kontantinsats. Andra riskerar att bli fast i otrygga kontrakt eller i f\u00f6r\u00e4ldrahemmet. Resultatet \u00e4r en bostadsmarknad som cementerar oj\u00e4mlikhet, skriver Hyresg\u00e4stf\u00f6reningen i en debattartikel. Foto: Lisa Hallgren\/Svd\/TT<\/p>\n<p class=\"hyperion-css-1v9qo5x\">DEBATT. \u201cDet \u00e4r om\u00f6jligt att hitta en l\u00e4genhet som man b\u00e5de har r\u00e5d med och som man faktiskt vill bo i.\u201d<\/p>\n<p class=\"hyperion-css-1v9qo5x\">\u201cDet \u00e4r mycket dyrare nu \u00e4n vad f\u00f6r\u00e4ldrarna hyrde och k\u00f6pte sina bost\u00e4der f\u00f6r f\u00f6rr. Det f\u00e5r mig att tveka p\u00e5 att bilda familj p\u00e5 grund av r\u00e4dsla av att inte kunna betala r\u00e4kningar.\u201d<\/p>\n<p class=\"hyperion-css-1v9qo5x\">Citaten \u00e4r h\u00e4mtade fr\u00e5n <a data-test-tag=\"internal-link\" href=\"https:\/\/www.aftonbladet.se\/tagg\/hyresgastforeningen\" class=\"hyperion-css-15jkft9\" rel=\"nofollow noopener\" target=\"\" aria-label=\"Hyresg\u00e4stf\u00f6reningens\" theme=\"opinion\">Hyresg\u00e4stf\u00f6reningens<\/a> nya rapport Unga vuxnas boende 2025, och speglar den verklighet m\u00e5nga unga lever i. Rapporten i \u00e5r bygger p\u00e5 enk\u00e4tsvar fr\u00e5n 5 381 slumpm\u00e4ssigt utvalda unga vuxna i \u00e5ldrarna 20\u201327 \u00e5r. \u00c5rets resultat \u00e4r alarmerande:<\/p>\n<p class=\"hyperion-css-1v9qo5x\">check<strong> 21 procent av alla unga vuxna i \u00e5ldrarna 20\u201327 \u00e5r bor hemma hos sina f\u00f6r\u00e4ldrar, motsvarande 204 000 personer.<\/strong><\/p>\n<p class=\"hyperion-css-1v9qo5x\">check<strong> 90 procent av dessa \u00e4r ofrivilligt hemmaboende \u2013 n\u00e4stan 200 000 unga vill flytta men kan inte.<\/strong><\/p>\n<p class=\"hyperion-css-1v9qo5x\">check<strong> 32 procent tvekar inf\u00f6r att bilda familj p\u00e5 grund av bostadsl\u00e4get.<\/strong><\/p>\n<p class=\"hyperion-css-1v9qo5x\">check<strong> 41 procent oroar sig f\u00f6r att inte hitta en bostad i framtiden.<\/strong><\/p>\n<p class=\"hyperion-css-1v9qo5x\">check<strong> Endast 6 procent anser att politikerna g\u00f6r tillr\u00e4ckligt f\u00f6r bostadspolitiken.<\/strong><\/p>\n<p class=\"hyperion-css-1v9qo5x\">check<strong> 8 procent av unga med utl\u00e4ndsk bakgrund har upplevt diskriminering i samband med bostadss\u00f6kande. Mer \u00e4n dubbelt s\u00e5 vanligt som i andra grupper.<\/strong><\/p>\n<blockquote data-test-tag=\"blockquote\" class=\"blockquote-content_747c\"><p>pullquoteKommunala bostadsf\u00f6rmedlingar m\u00e5ste prioritera unga<\/p><\/blockquote>\n<p class=\"hyperion-css-1v9qo5x\">Att s\u00e5 m\u00e5nga unga tvekar inf\u00f6r att bilda familj p\u00e5 grund av bostadsl\u00e4get \u00e4r oroande. Sverige har redan en negativ trend f\u00f6r barnaf\u00f6dandet och regeringen har tillsatt en utredning f\u00f6r att analysera orsakerna. V\u00e5r rapport visar tydligt att bostadsbristen och h\u00f6ga kostnader \u00e4r en central del av problemet. Det beh\u00f6vs bra bost\u00e4der till rimligt pris f\u00f6r att v\u00e4nda utvecklingen. Annars riskerar bostadsmarknaden att bli ett o\u00f6nskat preventivmedel, med stora konsekvenser f\u00f6r Sveriges framtida v\u00e4lf\u00e4rd och tillv\u00e4xt.<\/p>\n<p class=\"hyperion-css-1v9qo5x\">Arbetsmarknaden fungerar s\u00e4mre n\u00e4r unga tackar nej till jobb eller utbildning f\u00f6r att bostadsl\u00e4get om\u00f6jligg\u00f6r flytt. Samtidigt planerar vissa allm\u00e4nnyttiga bolag rivningar f\u00f6r att hus st\u00e5r tomma. F\u00f6rklaringen \u00e4r enkel: de lediga l\u00e4genheterna \u00e4r f\u00f6r dyra eller ligger l\u00e5ngt fr\u00e5n jobb och studier. Att bost\u00e4der st\u00e5r tomma samtidigt som unga bor kvar hemma \u00e4r ett sl\u00f6seri.<\/p>\n<p class=\"hyperion-css-1v9qo5x\">Den h\u00e4r situationen sp\u00e4r ocks\u00e5 p\u00e5 klyftorna. De som har f\u00f6r\u00e4ldrar med resurser kan f\u00e5 hj\u00e4lp med kontantinsats. Andra riskerar att bli fast i otrygga kontrakt eller i f\u00f6r\u00e4ldrahemmet. Resultatet \u00e4r en bostadsmarknad som cementerar oj\u00e4mlikhet. N\u00e4r unga ser sina liv st\u00e5 p\u00e5 paus, trots alla vall\u00f6ften, \u00e4r det inte konstigt att f\u00f6rtroendet f\u00f6r politiken \u00e4r l\u00e5gt.<\/p>\n<p class=\"hyperion-css-1v9qo5x\"><strong>F\u00f6r att unga ska f\u00e5 chansen kr\u00e4vs reformer:<\/strong><\/p>\n<p class=\"hyperion-css-1v9qo5x\">check<strong> Bostadsf\u00f6rmedling efter behov \u2013 inte enbart k\u00f6tid. Kommunala bostadsf\u00f6rmedlingar m\u00e5ste prioritera unga utan bostad.<\/strong><\/p>\n<p class=\"hyperion-css-1v9qo5x\">check<strong> St\u00e4rk bostadsbidraget ytterligare. Vi v\u00e4lkomnar regeringens h\u00f6jning f\u00f6r barnfamiljer, men \u00e4ven unga beh\u00f6ver ett f\u00f6rst\u00e4rkt st\u00f6d.<\/strong><\/p>\n<p class=\"hyperion-css-1v9qo5x\">check<strong> F\u00f6rm\u00e5nliga byggl\u00e5n och investeringsst\u00f6d. N\u00e4r marknaden inte bygger m\u00e5ste staten vara aktiv med satsningar p\u00e5 prisv\u00e4rda bost\u00e4der.<\/strong><\/p>\n<blockquote data-test-tag=\"blockquote\" class=\"blockquote-content_747c\"><p>pullquoteSveriges unga har v\u00e4ntat l\u00e4nge nog<\/p><\/blockquote>\n<p class=\"hyperion-css-1v9qo5x\">Vi vet att l\u00f6sningarna finns. Det som saknas \u00e4r politisk vilja. Sverige har tidigare lyckats bygga bort bostadsbristen. I dag n\u00f6jer sig regeringen med tillf\u00e4lliga lappt\u00e4cken, och unga f\u00e5r betala priset.<\/p>\n<p class=\"hyperion-css-1v9qo5x\">Bostadsbristen \u00e4r en samh\u00e4llskris som undergr\u00e4ver tilliten till politiken och hotar Sveriges l\u00e5ngsiktiga utveckling. Sveriges unga har v\u00e4ntat l\u00e4nge nog. Nu kr\u00e4vs modiga beslut som ger unga m\u00f6jligheten att bygga sina liv, och som s\u00e4krar Sveriges framtid.<\/p>\n<p class=\"hyperion-css-1v9qo5x\"><strong>Marie Linder<\/strong>, f\u00f6rbundsordf\u00f6rande Hyresg\u00e4stf\u00f6reningen<\/p>\n<p class=\"hyperion-css-1v9qo5x\"><strong>Ola Palmgren<\/strong>, vice f\u00f6rbundsordf\u00f6rande Hyresg\u00e4stf\u00f6reningen<\/p>\n<p>expand-left<\/p>\n<p>helsk\u00e4rm<img decoding=\"async\" class=\"image-asset hyperion-css-u06ts1\" data-test-tag=\"image-asset\" src=\"https:\/\/www.europesays.com\/se\/wp-content\/uploads\/2025\/09\/9c9c06d8-27bf-464b-9a32-441216719961\"  alt=\"Vi vet att l\u00f6sningarna finns. Det som saknas \u00e4r politisk vilja. Sverige har tidigare lyckats bygga bort bostadsbristen. I dag n\u00f6jer sig regeringen med tillf\u00e4lliga lappt\u00e4cken, och unga f\u00e5r betala priset, skriver Hyresg\u00e4stf\u00f6reningen.\"  loading=\"eager\" fetchpriority=\"high\" style=\"aspect-ratio:1200 \/ 627\"\/>Vi vet att l\u00f6sningarna finns. Det som saknas \u00e4r politisk vilja. Sverige har tidigare lyckats bygga bort bostadsbristen. I dag n\u00f6jer sig regeringen med tillf\u00e4lliga lappt\u00e4cken, och unga f\u00e5r betala priset, skriver Hyresg\u00e4stf\u00f6reningen. Foto: Gabriel Liljevall Och Filippa L\u00e4ndinFAKTAS\u00e5 skriver du en debattartikel<\/p>\n<p class=\"hyperion-css-jonaf8\"><strong>Vill du ocks\u00e5 debattera? S\u00e5 h\u00e4r g\u00f6r du om du vill skicka in debattartiklar och ins\u00e4ndare till Aftonbladet Debatt.<\/strong><\/p>\n<p class=\"hyperion-css-jonaf8\">arrow Debattartikel:<\/p>\n<p class=\"hyperion-css-jonaf8\">Skriv runt 3 500 tecken inklusive blanksteg och mejla texten till debatt@aftonbladet.se<\/p>\n<p class=\"hyperion-css-jonaf8\">Skicka med bild p\u00e5 dig sj\u00e4lv och kontaktuppgifter. Vi l\u00e4ser och svarar s\u00e5 fort vi kan, oftast inom 24 timmar.<\/p>\n<p class=\"hyperion-css-jonaf8\">arrow Replik:<\/p>\n<p class=\"hyperion-css-jonaf8\">Skriv max 2 000 tecken inklusive blanksteg och mejla texten till debatt@aftonbladet.se<\/p>\n<p>L\u00e4s mer<\/p>\n","protected":false},"excerpt":{"rendered":"Hyresg\u00e4stf\u00f6reningen: Hotar hela Sveriges samh\u00e4llsekonomi Detta \u00e4r en debattartikel. Det \u00e4r skribenten som st\u00e5r f\u00f6r \u00e5sikterna som f\u00f6rs&hellip;\n","protected":false},"author":2,"featured_media":37806,"comment_status":"","ping_status":"","sticky":false,"template":"","format":"standard","meta":{"footnotes":""},"categories":[65],"tags":[72,70,71,34,31,33,32,30],"class_list":{"0":"post-37805","1":"post","2":"type-post","3":"status-publish","4":"format-standard","5":"has-post-thumbnail","7":"category-ekonomi","8":"tag-business","9":"tag-economy","10":"tag-ekonomi","11":"tag-se","12":"tag-svenska","13":"tag-sverige","14":"tag-sweden","15":"tag-swedish"},"share_on_mastodon":{"url":"","error":""},"_links":{"self":[{"href":"https:\/\/www.europesays.com\/se\/wp-json\/wp\/v2\/posts\/37805","targetHints":{"allow":["GET"]}}],"collection":[{"href":"https:\/\/www.europesays.com\/se\/wp-json\/wp\/v2\/posts"}],"about":[{"href":"https:\/\/www.europesays.com\/se\/wp-json\/wp\/v2\/types\/post"}],"author":[{"embeddable":true,"href":"https:\/\/www.europesays.com\/se\/wp-json\/wp\/v2\/users\/2"}],"replies":[{"embeddable":true,"href":"https:\/\/www.europesays.com\/se\/wp-json\/wp\/v2\/comments?post=37805"}],"version-history":[{"count":0,"href":"https:\/\/www.europesays.com\/se\/wp-json\/wp\/v2\/posts\/37805\/revisions"}],"wp:featuredmedia":[{"embeddable":true,"href":"https:\/\/www.europesays.com\/se\/wp-json\/wp\/v2\/media\/37806"}],"wp:attachment":[{"href":"https:\/\/www.europesays.com\/se\/wp-json\/wp\/v2\/media?parent=37805"}],"wp:term":[{"taxonomy":"category","embeddable":true,"href":"https:\/\/www.europesays.com\/se\/wp-json\/wp\/v2\/categories?post=37805"},{"taxonomy":"post_tag","embeddable":true,"href":"https:\/\/www.europesays.com\/se\/wp-json\/wp\/v2\/tags?post=37805"}],"curies":[{"name":"wp","href":"https:\/\/api.w.org\/{rel}","templated":true}]}}