{"id":37957,"date":"2025-09-23T20:53:18","date_gmt":"2025-09-23T20:53:18","guid":{"rendered":"https:\/\/www.europesays.com\/se\/37957\/"},"modified":"2025-09-23T20:53:18","modified_gmt":"2025-09-23T20:53:18","slug":"moske-forstord-i-brand-i-hultsfred-2","status":"publish","type":"post","link":"https:\/\/www.europesays.com\/se\/37957\/","title":{"rendered":"Mosk\u00e9 f\u00f6rst\u00f6rd i brand i Hultsfred"},"content":{"rendered":"<p>Publicerad 23 sep 2025 kl 18.29<\/p>\n<p>Kotaiba Kholi var med och startade mosk\u00e9n i Hultsfred f\u00f6r 23 \u00e5r sedan.<\/p>\n<p>Nu \u00e4r den totalf\u00f6rst\u00f6rd i en brand. \u00a0<\/p>\n<p>\u2013 Det k\u00e4nns v\u00e4ldigt sorgligt, s\u00e4ger han.\u00a0<\/p>\n<p>Senaste nyhetsklippen fr\u00e5n Expressen.<img   alt=\"\"\/><\/p>\n<p>Mosk\u00e9n l\u00e5g i ett hus som tidigare fungerade som ett kristet missionshus.<\/p>\n<p>\u00d6ppna bild i helsk\u00e4rm<img loading=\"lazy\"   alt=\"\"\/><\/p>\n<p>Kotaiba Kholi.<\/p>\n<p>\u00d6ppna bild i helsk\u00e4rm<\/p>\n<p>Mosk\u00e9n l\u00e5g i ett hus som tidigare fungerade som ett kristet missionshus, och hade fortfarande sp\u00e5r av sin kristna historik. De senaste 23 \u00e5ren har byggnaden varit en plats d\u00e4r muslimer i <a href=\"https:\/\/www.expressen.se\/tagg\/location\/hultsfred\/\" class=\"\" rel=\"nofollow noopener\" target=\"_blank\">Hultsfred<\/a> har kunnat samlas och be.<\/p>\n<p>\u2013 Fr\u00e5n b\u00f6rjan var det en k\u00e4llarlokal d\u00e4r folk tr\u00e4ffades f\u00f6r att be fredagsb\u00f6n. Men det blev en m\u00f6tesplats f\u00f6r alla, s\u00e4ger Kotaiba Kholi, medlem i f\u00f6reningen som driver mosk\u00e9n.\u00a0<\/p>\n<p>Natten till tisdagen, strax efter klockan 02, fick han ett telefonsamtal fr\u00e5n r\u00e4ddningstj\u00e4nsten. De ber\u00e4ttade att mosk\u00e9n hade brunnit ner och att den inte gick att r\u00e4dda.\u00a0<\/p>\n<p>\u2013 Det k\u00e4nns v\u00e4ldigt sorgligt att den \u00e4r f\u00f6rst\u00f6rd, f\u00f6r det \u00e4r sv\u00e5rt att \u00e5terst\u00e4lla till original.<\/p>\n<p>F\u00f6runders\u00f6kning om mordbrand<\/p>\n<p>Ingen person kom till skada vid branden och r\u00e4ddningstj\u00e4nsten kunde stoppa elden fr\u00e5n att sprida sig.<\/p>\n<p>\u2013 Samtidigt som det \u00e4r sorgligt \u00e4r vi tacksamma att ingen m\u00e4nniska har skadat sig, s\u00e4ger Kotaiba Kholi.<\/p>\n<p>En f\u00f6runders\u00f6kning om mordbrand har inletts av polisen, vilket \u00e4r vanligt n\u00e4r det \u00e4r oklart varf\u00f6r det b\u00f6rjade brinna. Ingen \u00e4r gripen.<\/p>\n<p>Nu hoppas Kotaiba Kholi p\u00e5 att man ska kunna hitta en ny lokal.<\/p>\n<p>\u2013Genom mosk\u00e9n har vi kunnat inspirera m\u00e5nga unga att ta en b\u00e4ttre v\u00e4g i livet via utbildning. Vi har haft l\u00e4xhj\u00e4lp, anordnade studiebes\u00f6k till Linneuniversitetet och hade flera integrationsprojekt.<\/p>\n","protected":false},"excerpt":{"rendered":"Publicerad 23 sep 2025 kl 18.29 Kotaiba Kholi var med och startade mosk\u00e9n i Hultsfred f\u00f6r 23 \u00e5r&hellip;\n","protected":false},"author":2,"featured_media":37958,"comment_status":"","ping_status":"","sticky":false,"template":"","format":"standard","meta":{"footnotes":""},"categories":[5],"tags":[22,23,26,27,17,21,24,25,3986,28,29,15,16,18,34,154,31,33,32,30,19,1619,20],"class_list":{"0":"post-37957","1":"post","2":"type-post","3":"status-publish","4":"format-standard","5":"has-post-thumbnail","7":"category-rubriker","8":"tag-breaking-news","9":"tag-breakingnews","10":"tag-featured-news","11":"tag-featurednews","12":"tag-headlines","13":"tag-huvudnyheter","14":"tag-latest-news","15":"tag-latestnews","16":"tag-location-hultsfred","17":"tag-main-news","18":"tag-mainnews","19":"tag-news","20":"tag-nyheter","21":"tag-rubriker","22":"tag-se","23":"tag-sections-sverige","24":"tag-svenska","25":"tag-sverige","26":"tag-sweden","27":"tag-swedish","28":"tag-top-stories","29":"tag-topic-brand-explosion","30":"tag-topstories"},"share_on_mastodon":{"url":"","error":""},"_links":{"self":[{"href":"https:\/\/www.europesays.com\/se\/wp-json\/wp\/v2\/posts\/37957","targetHints":{"allow":["GET"]}}],"collection":[{"href":"https:\/\/www.europesays.com\/se\/wp-json\/wp\/v2\/posts"}],"about":[{"href":"https:\/\/www.europesays.com\/se\/wp-json\/wp\/v2\/types\/post"}],"author":[{"embeddable":true,"href":"https:\/\/www.europesays.com\/se\/wp-json\/wp\/v2\/users\/2"}],"replies":[{"embeddable":true,"href":"https:\/\/www.europesays.com\/se\/wp-json\/wp\/v2\/comments?post=37957"}],"version-history":[{"count":0,"href":"https:\/\/www.europesays.com\/se\/wp-json\/wp\/v2\/posts\/37957\/revisions"}],"wp:featuredmedia":[{"embeddable":true,"href":"https:\/\/www.europesays.com\/se\/wp-json\/wp\/v2\/media\/37958"}],"wp:attachment":[{"href":"https:\/\/www.europesays.com\/se\/wp-json\/wp\/v2\/media?parent=37957"}],"wp:term":[{"taxonomy":"category","embeddable":true,"href":"https:\/\/www.europesays.com\/se\/wp-json\/wp\/v2\/categories?post=37957"},{"taxonomy":"post_tag","embeddable":true,"href":"https:\/\/www.europesays.com\/se\/wp-json\/wp\/v2\/tags?post=37957"}],"curies":[{"name":"wp","href":"https:\/\/api.w.org\/{rel}","templated":true}]}}