{"id":38002,"date":"2025-09-23T21:55:30","date_gmt":"2025-09-23T21:55:30","guid":{"rendered":"https:\/\/www.europesays.com\/se\/38002\/"},"modified":"2025-09-23T21:55:30","modified_gmt":"2025-09-23T21:55:30","slug":"p4-legendar-inte-bjuden-till-srs-gala-valdigt-ledsen","status":"publish","type":"post","link":"https:\/\/www.europesays.com\/se\/38002\/","title":{"rendered":"P4-legendar inte bjuden till SR:s gala: \u201dV\u00e4ldigt ledsen\u201d"},"content":{"rendered":"<p>M\u00e5nga radio- och tv-profiler var p\u00e5 plats n\u00e4r Sveriges Radio firade 100 \u00e5r med jubileumsgala i Berwaldhallen i helgen. Men programledarikonen Anders Eldeman, som ledde \u201dMelodikrysset\u201d i P4 i 26 \u00e5r, saknades. Det rapporterar Aftonbladet. Anledningen var att han inte var bjuden. <\/p>\n<p>\u2013 Jag \u00e4r v\u00e4ldigt, v\u00e4ldigt besviken och v\u00e4ldigt ledsen f\u00f6r att jag inte har blivit bjuden. Jag tycker det \u00e4r oerh\u00f6rt m\u00e4rkligt, s\u00e4ger han sj\u00e4lv till tidningen. <\/p>\n<p>Eldeman l\u00e4mnade SR och programledarrollen 2022 och jubileumskonsertens projektledare Bengt Arw\u00e9n s\u00e4ger att man var tvungen att g\u00f6ra ett urval av tidigare medarbetare. <\/p>\n<p>\u2013 Vi ville ocks\u00e5 s\u00e5klart ge plats \u00e5t v\u00e5ra nuvarande fantastiska radioprofiler p\u00e5 galan.<\/p>\n<p>Omni \u00e4r politiskt obundna och oberoende. Vi str\u00e4var efter att ge fler perspektiv p\u00e5 nyheterna. Har du fr\u00e5gor eller synpunkter kring v\u00e5r rapportering? <a href=\"https:\/\/omni.se\/p4-legendar-inte-bjuden-till-sr-s-gala-valdigt-ledsen\/a\/mailto:redaktion@omni.se\" class=\"ArticleActions_contactLink__W2F1M\" rel=\"nofollow noopener\" target=\"_blank\">Kontakta redaktionen<\/a><\/p>\n","protected":false},"excerpt":{"rendered":"M\u00e5nga radio- och tv-profiler var p\u00e5 plats n\u00e4r Sveriges Radio firade 100 \u00e5r med jubileumsgala i Berwaldhallen i&hellip;\n","protected":false},"author":2,"featured_media":38003,"comment_status":"","ping_status":"","sticky":false,"template":"","format":"standard","meta":{"footnotes":""},"categories":[67],"tags":[3989,104,3990,34,3872,31,33,785,32,30,105],"class_list":{"0":"post-38002","1":"post","2":"type-post","3":"status-publish","4":"format-standard","5":"has-post-thumbnail","7":"category-underhallning","8":"tag-anders-eldeman","9":"tag-entertainment","10":"tag-melodikrysset","11":"tag-se","12":"tag-sr","13":"tag-svenska","14":"tag-sverige","15":"tag-sveriges-radio","16":"tag-sweden","17":"tag-swedish","18":"tag-underhallning"},"share_on_mastodon":{"url":"","error":""},"_links":{"self":[{"href":"https:\/\/www.europesays.com\/se\/wp-json\/wp\/v2\/posts\/38002","targetHints":{"allow":["GET"]}}],"collection":[{"href":"https:\/\/www.europesays.com\/se\/wp-json\/wp\/v2\/posts"}],"about":[{"href":"https:\/\/www.europesays.com\/se\/wp-json\/wp\/v2\/types\/post"}],"author":[{"embeddable":true,"href":"https:\/\/www.europesays.com\/se\/wp-json\/wp\/v2\/users\/2"}],"replies":[{"embeddable":true,"href":"https:\/\/www.europesays.com\/se\/wp-json\/wp\/v2\/comments?post=38002"}],"version-history":[{"count":0,"href":"https:\/\/www.europesays.com\/se\/wp-json\/wp\/v2\/posts\/38002\/revisions"}],"wp:featuredmedia":[{"embeddable":true,"href":"https:\/\/www.europesays.com\/se\/wp-json\/wp\/v2\/media\/38003"}],"wp:attachment":[{"href":"https:\/\/www.europesays.com\/se\/wp-json\/wp\/v2\/media?parent=38002"}],"wp:term":[{"taxonomy":"category","embeddable":true,"href":"https:\/\/www.europesays.com\/se\/wp-json\/wp\/v2\/categories?post=38002"},{"taxonomy":"post_tag","embeddable":true,"href":"https:\/\/www.europesays.com\/se\/wp-json\/wp\/v2\/tags?post=38002"}],"curies":[{"name":"wp","href":"https:\/\/api.w.org\/{rel}","templated":true}]}}