{"id":38028,"date":"2025-09-23T22:44:13","date_gmt":"2025-09-23T22:44:13","guid":{"rendered":"https:\/\/www.europesays.com\/se\/38028\/"},"modified":"2025-09-23T22:44:13","modified_gmt":"2025-09-23T22:44:13","slug":"gopro-slapper-tva-actionkameror-gopro-max-2-och-lit-hero","status":"publish","type":"post","link":"https:\/\/www.europesays.com\/se\/38028\/","title":{"rendered":"GoPro sl\u00e4pper tv\u00e5 actionkameror: GoPro Max 2 och Lit Hero"},"content":{"rendered":"<p>                          Prylnytt<\/p>\n<p class=\"articleingress\">GoPro uppdaterar sin 360-kamera samtidigt som en ny actionkamera med inbyggd belysning lanseras. Dessutom sl\u00e4pper GoPro en gimbal som kan anv\u00e4ndas till telefoner och actionkameror.<\/p>\n<p><strong>GoPro Lit Hero<\/strong> \u00e4r en vidareutveckling av kompakta <a href=\"https:\/\/gopro.com\/en\/us\/shop\/cameras\/learn\/hero\/CHDHF-131-master.html?utm_campaign=305950\" rel=\"nofollow noopener\" target=\"_blank\">GoPro Hero<\/a> som lanserades f\u00f6rra \u00e5ret. Kameran har f\u00e5tt en inbyggd led-lampa.\u00a0<\/p>\n<p>Kameran har en 1\/2,8-tumssensor (5,4 mm x 3,1 mm) som ger 4K\/60p-video eller stillbilder med 12 megapixel. Sensorn \u00e4r allts\u00e5 mindre \u00e4n i nya <a href=\"https:\/\/www.fotosidan.se\/cldoc\/prylnytt\/dji-osmo-nano-liten-actionkamera-med.htm\" rel=\"nofollow noopener\" target=\"_blank\">DJI Osmo Nano<\/a>.<\/p>\n<p>P\u00e5 baksidan finns en 1,76 tum stor sk\u00e4rm. Vikten \u00e4r 93 gram och dimensionerna: 57 x 48 x 30 mm. Det rekommenderade priset \u00e4r 3 290 kronor inklusive moms.<\/p>\n<p><a href=\"https:\/\/www.europesays.com\/se\/wp-content\/uploads\/2025\/09\/942019.jpg\" rel=\"lightbox\"><img decoding=\"async\" src=\"https:\/\/www.europesays.com\/se\/wp-content\/uploads\/2025\/09\/942019.jpg\" alt=\"\" rel=\"lightbox\" class=\"lightbox\" data-cli=\"DocumentPart-942019\"\/><\/a><\/p>\n<p><strong>GoPro Max 2<\/strong> \u00e4r en uppdatering av <a href=\"https:\/\/www.fotosidan.se\/prylar\/video-tillbehor\/gopro\/gopro-max-360_26672\" rel=\"nofollow noopener\" target=\"_blank\">360-kameran GoPro Max<\/a>. Kameran har tv\u00e5 180-graders fisheye-kameror f\u00f6r att ge full 360-t\u00e4ckning. Det f\u00e5r att filma i 8K\/30p, 5,6K\/60p eller 4K\/100p i 10-bitar med 60 Mbit\/s datam\u00e4ngd. Via firmware g\u00e5r det att uppgradera till 120 Mbit\/s. Stillbilderna blir 29 megapixel stora.<\/p>\n<p>Kameran har sex inbyggda mikrofoner f\u00f6r att lagra surroundljud. Det g\u00e5r ocks\u00e5 att ansluta mikrofoner via bl\u00e5tand, som mikrofonerna i ett par tr\u00e5dl\u00f6sa h\u00f6rlurar.<\/p>\n<p>Det rekommenderade priset f\u00f6r GoPro Max 2 \u00e4r 6 290 kronor inklusive moms.<\/p>\n<p><a href=\"https:\/\/www.europesays.com\/se\/wp-content\/uploads\/2025\/09\/942018.jpg\" rel=\"lightbox\"><img decoding=\"async\" src=\"https:\/\/www.europesays.com\/se\/wp-content\/uploads\/2025\/09\/942018.jpg\" alt=\"\" rel=\"lightbox\" class=\"lightbox\" data-cli=\"DocumentPart-942018\"\/><\/a><\/p>\n<p><strong>GoPro Fluid Pro AI<\/strong> \u00e4r f\u00f6retagets andra gimbal. Den kan anv\u00e4ndas till aktionkameror, telefoner och kompaktkameror som v\u00e4ger upp till 400 gram.<\/p>\n<p>Gimbalen har treaxlig stabilisering och st\u00f6d f\u00f6r att f\u00f6lja r\u00f6rliga motiv. Det finns en liten led-lampa inbyggd.<\/p>\n<p>Vi har inget svenskt pris f\u00f6r gimbalen. USA-priset \u00e4r 230 dollar.<\/p>\n<p><a href=\"https:\/\/www.europesays.com\/se\/wp-content\/uploads\/2025\/09\/942023.jpg\" rel=\"lightbox\"><img decoding=\"async\" src=\"https:\/\/www.europesays.com\/se\/wp-content\/uploads\/2025\/09\/942023.jpg\" alt=\"\" rel=\"lightbox\" class=\"lightbox\" data-cli=\"DocumentPart-942023\"\/><\/a><\/p>\n<p>      \t\t\t<img decoding=\"async\" src=\"https:\/\/www.europesays.com\/se\/wp-content\/uploads\/2025\/08\/f2117752c045dc283223ad728e8d8f03.jpg\" border=\"0\" alt=\"\"\/>\t\t\t\t<\/p>\n<p>Publicerad 2025-09-23. <\/p>\n","protected":false},"excerpt":{"rendered":"Prylnytt GoPro uppdaterar sin 360-kamera samtidigt som en ny actionkamera med inbyggd belysning lanseras. Dessutom sl\u00e4pper GoPro en&hellip;\n","protected":false},"author":2,"featured_media":38029,"comment_status":"","ping_status":"","sticky":false,"template":"","format":"standard","meta":{"footnotes":""},"categories":[66],"tags":[3992,3993,80,78,79,34,31,33,32,30,81,84,83,82],"class_list":{"0":"post-38028","1":"post","2":"type-post","3":"status-publish","4":"format-standard","5":"has-post-thumbnail","7":"category-vetenskap-och-teknik","8":"tag-actionkameror","9":"tag-gopro","10":"tag-science","11":"tag-science-and-technology","12":"tag-scienceandtechnology","13":"tag-se","14":"tag-svenska","15":"tag-sverige","16":"tag-sweden","17":"tag-swedish","18":"tag-technology","19":"tag-teknik","20":"tag-vetenskap","21":"tag-vetenskapteknik"},"share_on_mastodon":{"url":"","error":""},"_links":{"self":[{"href":"https:\/\/www.europesays.com\/se\/wp-json\/wp\/v2\/posts\/38028","targetHints":{"allow":["GET"]}}],"collection":[{"href":"https:\/\/www.europesays.com\/se\/wp-json\/wp\/v2\/posts"}],"about":[{"href":"https:\/\/www.europesays.com\/se\/wp-json\/wp\/v2\/types\/post"}],"author":[{"embeddable":true,"href":"https:\/\/www.europesays.com\/se\/wp-json\/wp\/v2\/users\/2"}],"replies":[{"embeddable":true,"href":"https:\/\/www.europesays.com\/se\/wp-json\/wp\/v2\/comments?post=38028"}],"version-history":[{"count":0,"href":"https:\/\/www.europesays.com\/se\/wp-json\/wp\/v2\/posts\/38028\/revisions"}],"wp:featuredmedia":[{"embeddable":true,"href":"https:\/\/www.europesays.com\/se\/wp-json\/wp\/v2\/media\/38029"}],"wp:attachment":[{"href":"https:\/\/www.europesays.com\/se\/wp-json\/wp\/v2\/media?parent=38028"}],"wp:term":[{"taxonomy":"category","embeddable":true,"href":"https:\/\/www.europesays.com\/se\/wp-json\/wp\/v2\/categories?post=38028"},{"taxonomy":"post_tag","embeddable":true,"href":"https:\/\/www.europesays.com\/se\/wp-json\/wp\/v2\/tags?post=38028"}],"curies":[{"name":"wp","href":"https:\/\/api.w.org\/{rel}","templated":true}]}}