{"id":38033,"date":"2025-09-23T22:52:10","date_gmt":"2025-09-23T22:52:10","guid":{"rendered":"https:\/\/www.europesays.com\/se\/38033\/"},"modified":"2025-09-23T22:52:10","modified_gmt":"2025-09-23T22:52:10","slug":"dji-osmo-nano-liten-actionkamera-med-stor-sensor","status":"publish","type":"post","link":"https:\/\/www.europesays.com\/se\/38033\/","title":{"rendered":"DJI Osmo Nano \u2013 liten actionkamera med stor sensor"},"content":{"rendered":"<p>                          Prylnytt<\/p>\n<p class=\"articleingress\">DJI har gjort en liten tv\u00e5delad actionkamera med en kameradel och en sk\u00e4rmdel. Sensorn \u00e4r n\u00e4stan i 1-tumsformat.<\/p>\n<p>DJI Osmo Nano har en 1\/1,3-tumssensor som \u00e4r 9,6 x 7,2 mm stor (6 880 \u00d7 5 160 pixlar). Det g\u00f6r att kameran kan lagra bilder och video med 13,5 stegs dynamiskt omf\u00e5ng.<\/p>\n<p>Stillbilderna blir 35 megapixel och video kan lagras i 4K\/60p i proportionerna 4:3 eller 16:9 i 10 bitar D-Log M. Slowmotion kan lagras i 4K\/120p.<\/p>\n<p>Kameradelen v\u00e4ger 52 gram och har dimensionerna 57 x 29 x 28 mm. Det finns tv\u00e5 inbyggda mikrofoner. Det g\u00e5r att v\u00e4lja mellan 64 och 128 GB internminne.<\/p>\n<p><a href=\"https:\/\/www.europesays.com\/se\/wp-content\/uploads\/2025\/09\/941998.jpg\" rel=\"lightbox\"><img decoding=\"async\" src=\"https:\/\/www.europesays.com\/se\/wp-content\/uploads\/2025\/09\/941998.jpg\" alt=\"\" rel=\"lightbox\" class=\"lightbox\" data-cli=\"DocumentPart-941998\"\/><\/a><\/p>\n<p>Sk\u00e4rmdelen kan anv\u00e4ndas som fj\u00e4rrkontroll och laddstation. Sk\u00e4rmen \u00e4r 1,96 tum och enheten har plats f\u00f6r MicroSD-kort.<\/p>\n<p>DJI Osmo Nano s\u00e4ljs i flera olika utrustningspaket. De rekommenderade priserna b\u00f6rjar p\u00e5 3\u00a0290 kronor inklusive moms.<\/p>\n<p><a href=\"https:\/\/www.europesays.com\/se\/wp-content\/uploads\/2025\/09\/942002.jpg\" rel=\"lightbox\"><img decoding=\"async\" src=\"https:\/\/www.europesays.com\/se\/wp-content\/uploads\/2025\/09\/942002.jpg\" alt=\"\" rel=\"lightbox\" class=\"lightbox\" data-cli=\"DocumentPart-942002\"\/><\/a><\/p>\n<p>      \t\t\t<img decoding=\"async\" src=\"https:\/\/www.europesays.com\/se\/wp-content\/uploads\/2025\/08\/f2117752c045dc283223ad728e8d8f03.jpg\" border=\"0\" alt=\"\"\/>\t\t\t\t<\/p>\n<p>Publicerad 2025-09-23. <\/p>\n","protected":false},"excerpt":{"rendered":"Prylnytt DJI har gjort en liten tv\u00e5delad actionkamera med en kameradel och en sk\u00e4rmdel. Sensorn \u00e4r n\u00e4stan i&hellip;\n","protected":false},"author":2,"featured_media":38034,"comment_status":"","ping_status":"","sticky":false,"template":"","format":"standard","meta":{"footnotes":""},"categories":[66],"tags":[3992,3577,80,78,79,34,31,33,32,30,81,84,83,82],"class_list":{"0":"post-38033","1":"post","2":"type-post","3":"status-publish","4":"format-standard","5":"has-post-thumbnail","7":"category-vetenskap-och-teknik","8":"tag-actionkameror","9":"tag-dji","10":"tag-science","11":"tag-science-and-technology","12":"tag-scienceandtechnology","13":"tag-se","14":"tag-svenska","15":"tag-sverige","16":"tag-sweden","17":"tag-swedish","18":"tag-technology","19":"tag-teknik","20":"tag-vetenskap","21":"tag-vetenskapteknik"},"share_on_mastodon":{"url":"","error":""},"_links":{"self":[{"href":"https:\/\/www.europesays.com\/se\/wp-json\/wp\/v2\/posts\/38033","targetHints":{"allow":["GET"]}}],"collection":[{"href":"https:\/\/www.europesays.com\/se\/wp-json\/wp\/v2\/posts"}],"about":[{"href":"https:\/\/www.europesays.com\/se\/wp-json\/wp\/v2\/types\/post"}],"author":[{"embeddable":true,"href":"https:\/\/www.europesays.com\/se\/wp-json\/wp\/v2\/users\/2"}],"replies":[{"embeddable":true,"href":"https:\/\/www.europesays.com\/se\/wp-json\/wp\/v2\/comments?post=38033"}],"version-history":[{"count":0,"href":"https:\/\/www.europesays.com\/se\/wp-json\/wp\/v2\/posts\/38033\/revisions"}],"wp:featuredmedia":[{"embeddable":true,"href":"https:\/\/www.europesays.com\/se\/wp-json\/wp\/v2\/media\/38034"}],"wp:attachment":[{"href":"https:\/\/www.europesays.com\/se\/wp-json\/wp\/v2\/media?parent=38033"}],"wp:term":[{"taxonomy":"category","embeddable":true,"href":"https:\/\/www.europesays.com\/se\/wp-json\/wp\/v2\/categories?post=38033"},{"taxonomy":"post_tag","embeddable":true,"href":"https:\/\/www.europesays.com\/se\/wp-json\/wp\/v2\/tags?post=38033"}],"curies":[{"name":"wp","href":"https:\/\/api.w.org\/{rel}","templated":true}]}}