{"id":38043,"date":"2025-09-23T23:06:24","date_gmt":"2025-09-23T23:06:24","guid":{"rendered":"https:\/\/www.europesays.com\/se\/38043\/"},"modified":"2025-09-23T23:06:24","modified_gmt":"2025-09-23T23:06:24","slug":"erling-haaland-visar-upp-dodshotet-premier-league","status":"publish","type":"post","link":"https:\/\/www.europesays.com\/se\/38043\/","title":{"rendered":"Erling Haaland visar upp d\u00f6dshotet | Premier League"},"content":{"rendered":"<p>Publicerad 22 sep 2025 kl 10.53Uppdaterad kl 14.20<\/p>\n<p>Erling Haaland snuvades p\u00e5 hj\u00e4lterollen i stormatchen mot Arsenal.\u00a0<\/p>\n<p>Efter\u00e5t fick han motta ett otrevligt meddelande.<\/p>\n<p>\u201dNu blir jag d\u00f6dshotad ocks\u00e5\u201d, skriver norrmannen p\u00e5 Snapchat.<\/p>\n<p><img   alt=\"\"\/><\/p>\n<p>Erling Haaland efter matchen mot Arsenal.<\/p>\n<p>Foto: DAVID KLEIN \/ STELLA PICTURES\/ZUMA PRESS<\/p>\n<p>\u00d6ppna bild i helsk\u00e4rm<\/p>\n<p>S\u00f6ndagens stormatch mellan Arsenal och Manchester City b\u00f6rjade bra f\u00f6r den norska stj\u00e4rnan <a href=\"https:\/\/www.expressen.se\/tagg\/person\/erling-haaland\/\" class=\"\" rel=\"nofollow noopener\" target=\"_blank\">Erling Haaland<\/a>. Redan i den nionde minuten fixade han ledningen f\u00f6r bortalaget.\u00a0<\/p>\n<p>M\u00e5let var hans sjunde f\u00f6r s\u00e4songen och hans totalt 91:a Premier League-m\u00e5l, vilket inneb\u00e4r tangerat norskt rekord. City-stj\u00e4rnan har nu n\u00e4mligen kommit ikapp Manchester United-legendaren Ole Gunnar Solskj\u00e6r.<\/p>\n<p>L\u00e4nge s\u00e5g det ut som om m\u00e5let skulle g\u00f6ra Haaland till hj\u00e4lte, men i den 93:e minuten lobbade Gabriel Martinelli bollen \u00f6ver en utspringandes Gianluigi Donnarumma \u2013 och matchen slutade oavgjort.<\/p>\n<p>Inte blev det b\u00e4ttre efter\u00e5t heller.\u00a0<\/p>\n<p>Haaland fick d\u00f6dshot<\/p>\n<p>N\u00e4r Erling Haaland plockade upp mobilen m\u00f6ttes han av ett d\u00f6dshot.\u00a0<\/p>\n<p>\u201dAkta dig nu, kompis. V\u00e5ga inte l\u00e4gga upp n\u00e5gon mer Snapchat-story, annars blir det slutet f\u00f6r dig\u201d, hade en anonym anv\u00e4ndare skrivit till honom p\u00e5 Snapchat.\u00a0<\/p>\n<p>Haaland reagerade p\u00e5 hotet genom att visa upp meddelandet i just en Snapchat-story, ackompangerat med en selfie och orden: \u201dNu blir jag d\u00f6dshotad ocks\u00e5\u201d.<\/p>\n<p><img loading=\"lazy\"   alt=\"\"\/><\/p>\n<p>P\u00e5 sociala medier visade han upp ett d\u00f6dshot riktat mot honom.<\/p>\n<p>Foto: Snapchat<\/p>\n<p>\u00d6ppna bild i helsk\u00e4rmCity bara nia i ligan<\/p>\n<p>Trots Haalands fina m\u00e5lform ligger Manchester City bara p\u00e5 en niondeplats i Premier League-tabellen efter de inledande fem omg\u00e5ngarna. Laget har \u00e5tta po\u00e4ng upp till serieledande Liverpool, som tack vare Citys po\u00e4ng i helgen drygar ut sitt avst\u00e5nd i toppen. Tabelltv\u00e5an \u00e4r n\u00e4mligen Arsenal, som efter krysset ligger fem po\u00e4ng bakom det regerande m\u00e4starlaget.<\/p>\n","protected":false},"excerpt":{"rendered":"Publicerad 22 sep 2025 kl 10.53Uppdaterad kl 14.20 Erling Haaland snuvades p\u00e5 hj\u00e4lterollen i stormatchen mot Arsenal.\u00a0 Efter\u00e5t&hellip;\n","protected":false},"author":2,"featured_media":38044,"comment_status":"","ping_status":"","sticky":false,"template":"","format":"standard","meta":{"footnotes":""},"categories":[68],"tags":[1229,3411,244,3112,34,129,242,111,110,31,33,32,30],"class_list":{"0":"post-38043","1":"post","2":"type-post","3":"status-publish","4":"format-standard","5":"has-post-thumbnail","7":"category-sport","8":"tag-organization-arsenal","9":"tag-organization-manchester-city","10":"tag-organization-premier-league","11":"tag-person-erling-haaland","12":"tag-se","13":"tag-sections-fotboll","14":"tag-sections-premierleague","15":"tag-sport","16":"tag-sports","17":"tag-svenska","18":"tag-sverige","19":"tag-sweden","20":"tag-swedish"},"share_on_mastodon":{"url":"","error":""},"_links":{"self":[{"href":"https:\/\/www.europesays.com\/se\/wp-json\/wp\/v2\/posts\/38043","targetHints":{"allow":["GET"]}}],"collection":[{"href":"https:\/\/www.europesays.com\/se\/wp-json\/wp\/v2\/posts"}],"about":[{"href":"https:\/\/www.europesays.com\/se\/wp-json\/wp\/v2\/types\/post"}],"author":[{"embeddable":true,"href":"https:\/\/www.europesays.com\/se\/wp-json\/wp\/v2\/users\/2"}],"replies":[{"embeddable":true,"href":"https:\/\/www.europesays.com\/se\/wp-json\/wp\/v2\/comments?post=38043"}],"version-history":[{"count":0,"href":"https:\/\/www.europesays.com\/se\/wp-json\/wp\/v2\/posts\/38043\/revisions"}],"wp:featuredmedia":[{"embeddable":true,"href":"https:\/\/www.europesays.com\/se\/wp-json\/wp\/v2\/media\/38044"}],"wp:attachment":[{"href":"https:\/\/www.europesays.com\/se\/wp-json\/wp\/v2\/media?parent=38043"}],"wp:term":[{"taxonomy":"category","embeddable":true,"href":"https:\/\/www.europesays.com\/se\/wp-json\/wp\/v2\/categories?post=38043"},{"taxonomy":"post_tag","embeddable":true,"href":"https:\/\/www.europesays.com\/se\/wp-json\/wp\/v2\/tags?post=38043"}],"curies":[{"name":"wp","href":"https:\/\/api.w.org\/{rel}","templated":true}]}}