{"id":38050,"date":"2025-09-23T23:51:07","date_gmt":"2025-09-23T23:51:07","guid":{"rendered":"https:\/\/www.europesays.com\/se\/38050\/"},"modified":"2025-09-23T23:51:07","modified_gmt":"2025-09-23T23:51:07","slug":"fiasko-for-svtskane-fan","status":"publish","type":"post","link":"https:\/\/www.europesays.com\/se\/38050\/","title":{"rendered":"Fiasko f\u00f6r SVT\nSk\u00e5ne: \u201dFan!\u201d"},"content":{"rendered":"<p>Publicerad 23 sep 2025 kl 23.06Uppdaterad 24 sep kl 01.05<\/p>\n<p>SVT Sk\u00e5nes sena nyhetss\u00e4ndning p\u00e5 tisdagen blev ett fiasko.\u00a0<\/p>\n<p>\u2013 Fan! s\u00e4ger nyhetsankaret.<\/p>\n<p>\u2013 Promptern har h\u00e4ngt sig, forts\u00e4tter hon.<\/p>\n<p><img   alt=\"\"\/><\/p>\n<p>Den lokala nyhetss\u00e4ndningen i Sk\u00e5ne fick ett tr\u00e5kigt slut.<\/p>\n<p>Foto: SVT Nyheter Sk\u00e5ne<\/p>\n<p>\u00d6ppna bild i helsk\u00e4rm<img loading=\"lazy\"   alt=\"\"\/><\/p>\n<p>Nyhetsankaret unders\u00f6ker.<\/p>\n<p>Foto: SVT Nyheter Sk\u00e5ne<\/p>\n<p>\u00d6ppna bild i helsk\u00e4rm<\/p>\n<p><a href=\"https:\/\/www.expressen.se\/tagg\/organization\/svt\/\" class=\"\" rel=\"nofollow noopener\" target=\"_blank\">SVT<\/a> Sk\u00e5nes sena nyhetss\u00e4ndning b\u00f6rjade bra, med ett inslag om dr\u00f6narincidenten vid K\u00f6penhamns flygplats Kastrup. Men sedan h\u00e4nde n\u00e5got. N\u00e4sta inslag kom aldrig i g\u00e5ng. Tv-sk\u00e4rmen i studion svartnade.\u00a0<\/p>\n<p>\u2013 Fan! s\u00e4ger nyhetsankaret Sarah Sidib\u00e9.<\/p>\n<p>Hon \u00e4r tyst en stund och s\u00e4ger sedan:<\/p>\n<p>\u2013 Promptern har h\u00e4ngt sig.\u00a0<\/p>\n<p>\u2013 Nej allts\u00e5. Jag tror jag blir galen.\u00a0<\/p>\n<p><img loading=\"lazy\"   alt=\"\"\/><\/p>\n<p>SVT beklagar att det blev fel.<\/p>\n<p>Foto: SVT Nyheter Sk\u00e5ne<\/p>\n<p>\u00d6ppna bild i helsk\u00e4rm<\/p>\n<p>Till producenten, som hon kommunicerar med via en h\u00f6rsn\u00e4cka, s\u00e4ger hon:<\/p>\n<p>\u2013 Ja, den har bara stoppat, jag kan inte g\u00f6ra n\u00e5got.\u00a0<\/p>\n<p>\u2013 Fuck.\u00a0<\/p>\n<p>\u2013 Nej, det tror jag inte, jag har bara st\u00e5tt h\u00e4r. \u00a0<\/p>\n<p>Programledaren fr\u00e5gar om de kan s\u00e4nda ut SVT Helsingborgs lokala nyheter i st\u00e4llet, men det verkar inte ha fungerat.\u00a0<\/p>\n<p>SVT: \u201dVi beklagar\u201d<\/p>\n<p>L\u00e4sare i Sydsverige har h\u00f6rt av sig till Expressen om nyhetss\u00e4ndningen. Vad h\u00e4nde egentligen? I ett sms till Expressen skriver SVT Nyheter Sk\u00e5nes ansvarige utgivare G\u00f6ran Eklund: \u201dDet blev fel med s\u00e4ndningen som gick ut 21.50. Vi hade tekniska problem. Jag beklagar detta.\u201d<\/p>\n<p>Hanna Dowling vid SVT:s pressjour s\u00e4ger att det var fel nyhetss\u00e4ndning som visades.<\/p>\n<p>\u2013 Det jag har f\u00e5tt veta \u00e4r att det var en bandad nyhetss\u00e4ndning, d\u00e4r fel inspelning gick ut. N\u00e4r vi uppt\u00e4ckte det br\u00f6t vi s\u00e4ndningen. Vi beklagar det och f\u00f6rst\u00e5r att det upplevdes konstigt f\u00f6r dem som tittade.\u00a0<\/p>\n<p><strong>\u00c4r det den m\u00e4nskliga faktorn som gjorde att ni visade fel s\u00e4ndning?<\/strong><\/p>\n<p>\u2013 S\u00e5 har jag f\u00f6rst\u00e5tt det.\u00a0<\/p>\n<p>Nyhetss\u00e4ndningen har plockats bort fr\u00e5n SVT Play. \u00a0\u00a0\u00a0<\/p>\n<p>En annan som hade problem med en prompter under tisdagen \u00e4r USA:s president Donald Trump. <a href=\"https:\/\/www.expressen.se\/nyheter\/varlden\/kaos-under-trumps-tal\/\" rel=\"nofollow noopener\" target=\"_blank\">N\u00e4r han skulle tala inf\u00f6r FN:s generalf\u00f6rsamling gick n\u00e5got snett. <\/a>\u00a0<\/p>\n<p>\u2013 Den som sk\u00f6ter den h\u00e4r telepromptern kommer f\u00e5 stora problem, sa Trump.\u00a0<\/p>\n","protected":false},"excerpt":{"rendered":"Publicerad 23 sep 2025 kl 23.06Uppdaterad 24 sep kl 01.05 SVT Sk\u00e5nes sena nyhetss\u00e4ndning p\u00e5 tisdagen blev ett&hellip;\n","protected":false},"author":2,"featured_media":38051,"comment_status":"","ping_status":"","sticky":false,"template":"","format":"standard","meta":{"footnotes":""},"categories":[12],"tags":[22,23,26,27,17,21,24,25,3056,28,29,15,16,361,18,34,154,31,33,32,30,19,205,20],"class_list":{"0":"post-38050","1":"post","2":"type-post","3":"status-publish","4":"format-standard","5":"has-post-thumbnail","7":"category-sverige","8":"tag-breaking-news","9":"tag-breakingnews","10":"tag-featured-news","11":"tag-featurednews","12":"tag-headlines","13":"tag-huvudnyheter","14":"tag-latest-news","15":"tag-latestnews","16":"tag-location-skane","17":"tag-main-news","18":"tag-mainnews","19":"tag-news","20":"tag-nyheter","21":"tag-organization-svt","22":"tag-rubriker","23":"tag-se","24":"tag-sections-sverige","25":"tag-svenska","26":"tag-sverige","27":"tag-sweden","28":"tag-swedish","29":"tag-top-stories","30":"tag-topic-journalistik-medier","31":"tag-topstories"},"share_on_mastodon":{"url":"","error":""},"_links":{"self":[{"href":"https:\/\/www.europesays.com\/se\/wp-json\/wp\/v2\/posts\/38050","targetHints":{"allow":["GET"]}}],"collection":[{"href":"https:\/\/www.europesays.com\/se\/wp-json\/wp\/v2\/posts"}],"about":[{"href":"https:\/\/www.europesays.com\/se\/wp-json\/wp\/v2\/types\/post"}],"author":[{"embeddable":true,"href":"https:\/\/www.europesays.com\/se\/wp-json\/wp\/v2\/users\/2"}],"replies":[{"embeddable":true,"href":"https:\/\/www.europesays.com\/se\/wp-json\/wp\/v2\/comments?post=38050"}],"version-history":[{"count":0,"href":"https:\/\/www.europesays.com\/se\/wp-json\/wp\/v2\/posts\/38050\/revisions"}],"wp:featuredmedia":[{"embeddable":true,"href":"https:\/\/www.europesays.com\/se\/wp-json\/wp\/v2\/media\/38051"}],"wp:attachment":[{"href":"https:\/\/www.europesays.com\/se\/wp-json\/wp\/v2\/media?parent=38050"}],"wp:term":[{"taxonomy":"category","embeddable":true,"href":"https:\/\/www.europesays.com\/se\/wp-json\/wp\/v2\/categories?post=38050"},{"taxonomy":"post_tag","embeddable":true,"href":"https:\/\/www.europesays.com\/se\/wp-json\/wp\/v2\/tags?post=38050"}],"curies":[{"name":"wp","href":"https:\/\/api.w.org\/{rel}","templated":true}]}}