{"id":38052,"date":"2025-09-23T23:59:17","date_gmt":"2025-09-23T23:59:17","guid":{"rendered":"https:\/\/www.europesays.com\/se\/38052\/"},"modified":"2025-09-23T23:59:17","modified_gmt":"2025-09-23T23:59:17","slug":"malmer-stenergards-krav-pa-iran-om-djalali-sverige","status":"publish","type":"post","link":"https:\/\/www.europesays.com\/se\/38052\/","title":{"rendered":"Malmer Stenergards krav p\u00e5 Iran om Djalali | Sverige"},"content":{"rendered":"<p>Publicerad 23 sep 2025 kl 14.32Uppdaterad kl 15.31<\/p>\n<p>Utrikesminister Maria Malmer Stenergard (M) har precis avslutat ett bilateralt samtal med Irans dito i New York.\u00a0<\/p>\n<p>Hon upprepade Sveriges krav p\u00e5 att Ahmadreza Djalali ska friges.\u00a0<\/p>\n<p>\u201dVi har vid upprepade tillf\u00e4llen och p\u00e5 olika niv\u00e5er kr\u00e4vt information om omst\u00e4ndigheterna\u201d, s\u00e4ger Malmer Stenergard i en kommentar till Expressen.\u00a0<\/p>\n<p><img   alt=\"\"\/> <\/p>\n<p>Foto: Lars Schr\u00f6der\/TT \/ TT NYHETSBYR\u00c5N<\/p>\n<p>\u00d6ppna bild i helsk\u00e4rm<\/p>\n<p>Den s\u00e5 kallade FN-veckan i New York \u00e4r i g\u00e5ng.<\/p>\n<p>FN:s generalf\u00f6rsamling inleddes under tisdagen samtidigt som organisationen firar FN:s 80-\u00e5rsdag. I samband med det tr\u00e4ffade Sveriges utrikesminister <a href=\"https:\/\/www.expressen.se\/tagg\/person\/maria-malmer-stenergard\/\" class=\"\" rel=\"nofollow noopener\" target=\"_blank\">Maria Malmer Stenergard<\/a> Irans utrikesminister Abbas Araghchi.\u00a0<\/p>\n<p>D\u00e5 lyfte hon situationen f\u00f6r den den svensk-iranska forskaren Ahmadreza Djalali, som har suttit f\u00e4ngslad i Iran sedan 2016.\u00a0<\/p>\n<p>Oklara omst\u00e4ndigheter<\/p>\n<p>Arbetet f\u00f6r att f\u00e5 honom fri forts\u00e4tter, s\u00e4ger utrikesminister Maria Malmer Stenergard till Expressen.\u00a0<\/p>\n<p>\u201dSveriges krav kvarst\u00e5r: Iran ska omedelbart frige Ahmadreza Djalali av humanit\u00e4ra sk\u00e4l s\u00e5 att han kan \u00e5terf\u00f6renas med sin familj\u201d.\u00a0<\/p>\n<p>Regeringen har vid upprepade tillf\u00e4llen kr\u00e4vt information om omst\u00e4ndigheterna. F\u00f6r tre m\u00e5nader sedan ska han ha f\u00f6rflyttats fr\u00e5n det \u00f6k\u00e4nda Evinf\u00e4ngelset. Regeringen vet inte var han har f\u00f6rts.\u00a0<\/p>\n<p>\u201dJag ser allvarligt p\u00e5 att Iran \u00e4nnu inte l\u00e4mnat oss beg\u00e4rd information. Detta har jag personligen p\u00e5talat i samtal med Irans utrikesminister Araghchi h\u00e4r i New York\u201d, s\u00e4ger Malmer Stenergard vidare.\u00a0<\/p>\n<p>Skulle medverka i seminarium\u00a0<\/p>\n<p>Djalali greps n\u00e4r han var i Iran f\u00f6r att medverka i ett seminarium om katastrofmedicin. Han har forskat vid Karolinska institutet i Stockholm och blev svensk medborgare 2018.\u00a0<\/p>\n<p>N\u00e4r Sverige och Iran genomf\u00f6rde det kontroversiella f\u00e5ngutbyte, som fick tillbaka Johan Floderus och Saeed Azizi, l\u00e4mnades han kvar.<\/p>\n<p>Hans h\u00e4lsa har under tiden f\u00f6rs\u00e4mrats kraftigt, och i maj <a href=\"https:\/\/www.expressen.se\/nyheter\/expressen-direkt\/?post=4fcf731f-1b10-4748-9512-c5daf9ef93f4\" rel=\"nofollow noopener\" target=\"_blank\">drabbades han av en hj\u00e4rtinfarkt.<\/a><\/p>\n<p><strong>L\u00c4S MER: <\/strong><a href=\"https:\/\/www.expressen.se\/nyheter\/sverige\/hustrun-om-svenske-lakaren-ahmadreza-djalali-han-lever\/\" class=\"\" rel=\"nofollow noopener\" target=\"_blank\">Hustrun om svenske l\u00e4karen Ahmadreza Djalali: \u201dHan lever\u201d<\/a><\/p>\n","protected":false},"excerpt":{"rendered":"Publicerad 23 sep 2025 kl 14.32Uppdaterad kl 15.31 Utrikesminister Maria Malmer Stenergard (M) har precis avslutat ett bilateralt&hellip;\n","protected":false},"author":2,"featured_media":38053,"comment_status":"","ping_status":"","sticky":false,"template":"","format":"standard","meta":{"footnotes":""},"categories":[12],"tags":[22,23,26,27,17,21,24,25,28,29,15,16,3999,584,18,34,154,31,33,32,30,19,20],"class_list":{"0":"post-38052","1":"post","2":"type-post","3":"status-publish","4":"format-standard","5":"has-post-thumbnail","7":"category-sverige","8":"tag-breaking-news","9":"tag-breakingnews","10":"tag-featured-news","11":"tag-featurednews","12":"tag-headlines","13":"tag-huvudnyheter","14":"tag-latest-news","15":"tag-latestnews","16":"tag-main-news","17":"tag-mainnews","18":"tag-news","19":"tag-nyheter","20":"tag-person-ahmadreza-djalali","21":"tag-person-maria-malmer-stenergard","22":"tag-rubriker","23":"tag-se","24":"tag-sections-sverige","25":"tag-svenska","26":"tag-sverige","27":"tag-sweden","28":"tag-swedish","29":"tag-top-stories","30":"tag-topstories"},"share_on_mastodon":{"url":"","error":""},"_links":{"self":[{"href":"https:\/\/www.europesays.com\/se\/wp-json\/wp\/v2\/posts\/38052","targetHints":{"allow":["GET"]}}],"collection":[{"href":"https:\/\/www.europesays.com\/se\/wp-json\/wp\/v2\/posts"}],"about":[{"href":"https:\/\/www.europesays.com\/se\/wp-json\/wp\/v2\/types\/post"}],"author":[{"embeddable":true,"href":"https:\/\/www.europesays.com\/se\/wp-json\/wp\/v2\/users\/2"}],"replies":[{"embeddable":true,"href":"https:\/\/www.europesays.com\/se\/wp-json\/wp\/v2\/comments?post=38052"}],"version-history":[{"count":0,"href":"https:\/\/www.europesays.com\/se\/wp-json\/wp\/v2\/posts\/38052\/revisions"}],"wp:featuredmedia":[{"embeddable":true,"href":"https:\/\/www.europesays.com\/se\/wp-json\/wp\/v2\/media\/38053"}],"wp:attachment":[{"href":"https:\/\/www.europesays.com\/se\/wp-json\/wp\/v2\/media?parent=38052"}],"wp:term":[{"taxonomy":"category","embeddable":true,"href":"https:\/\/www.europesays.com\/se\/wp-json\/wp\/v2\/categories?post=38052"},{"taxonomy":"post_tag","embeddable":true,"href":"https:\/\/www.europesays.com\/se\/wp-json\/wp\/v2\/tags?post=38052"}],"curies":[{"name":"wp","href":"https:\/\/api.w.org\/{rel}","templated":true}]}}