{"id":38104,"date":"2025-09-24T03:06:14","date_gmt":"2025-09-24T03:06:14","guid":{"rendered":"https:\/\/www.europesays.com\/se\/38104\/"},"modified":"2025-09-24T03:06:14","modified_gmt":"2025-09-24T03:06:14","slug":"man-konstaterades-skyldig-till-mordforsok-pa-trump-vid-hans-golfbana-utrikes","status":"publish","type":"post","link":"https:\/\/www.europesays.com\/se\/38104\/","title":{"rendered":"Man konstaterades skyldig till mordf\u00f6rs\u00f6k p\u00e5 Trump vid hans golfbana | Utrikes"},"content":{"rendered":"<p class=\"aw-1gybjub aw-5vja16 cmIuaG zKETg yle__article__paragraph\">Brottet intr\u00e4ffade i september i fjol, n\u00e4r Donald Trump var president\u00adkandidat.<\/p>\n<p><img decoding=\"async\" alt=\"En port som leder in till Trump International Golf Club.\" src=\"https:\/\/www.europesays.com\/se\/wp-content\/uploads\/2025\/09\/39-134875066e7e45468986.jpeg\" class=\"aw-1l9m598 hKVVvP\"\/><\/p>\n<p>\u00d6ppna bildvisare<\/p>\n<p>Avsp\u00e4rrningsband syntes vid ing\u00e5ngen till Trump International Golf Club i West Palm Beach i den amerikanska delstaten Florida den 15 september i fjol. Bild: Cristobal Herrera-Ulashkevich \/ EPALyssna (du h\u00f6r en artificiell r\u00f6st) 1:06<\/p>\n<p class=\"aw-1gybjub aw-1p7kakr cmIuaG fmSRng yle__article__paragraph\">En man som uppt\u00e4cktes med ett skjutvapen n\u00e4ra d\u00e5varande presidentkandidaten <strong class=\"aw-ak79eh KyCXm yle__article__strong\">Donald Trumps<\/strong> golfbana i Florida i fjol konstaterades p\u00e5 tisdagen skyldig till bland annat mordf\u00f6rs\u00f6k.<\/p>\n<p class=\"aw-1gybjub aw-1p7kakr cmIuaG fmSRng yle__article__paragraph\">Juryn gjorde bed\u00f6mningen att 59-\u00e5riga <strong class=\"aw-ak79eh KyCXm yle__article__strong\">Ryan Routh<\/strong> f\u00f6rs\u00f6kte m\u00f6rda Trump. Han konstaterades ha riktat vapnet genom ett staket n\u00e4r Trump var ute och spelade golf p\u00e5 banan i West Palm Beach.<\/p>\n<p class=\"aw-1gybjub aw-1p7kakr cmIuaG fmSRng yle__article__paragraph\">Han riskerar livstids f\u00e4ngelse.<\/p>\n<p class=\"aw-1gybjub aw-1p7kakr cmIuaG fmSRng yle__article__paragraph\">Fallet intr\u00e4ffade i september i fjol. Routh flydde utan att skjuta efter att en Secret Service-agent som gick f\u00f6re Trump p\u00e5 golfbanan uppt\u00e4ckte honom och \u00f6ppnade eld, enligt vittnesskildringar. Routh greps kort senare.<\/p>\n<p class=\"aw-1gybjub aw-1p7kakr cmIuaG fmSRng yle__article__paragraph\">Tidigare samma sommar hade Trump utsatts f\u00f6r ett annat mordf\u00f6rs\u00f6k under sin valkampanj. Den g\u00e5ngen skadades Trump lindrigt i \u00f6rat, och g\u00e4rningsmannen sk\u00f6ts ihj\u00e4l av Secret Service.<\/p>\n<p class=\"aw-1gybjub aw-1p7kakr cmIuaG fmSRng yle__article__paragraph\">K\u00e4lla: Reuters<\/p>\n","protected":false},"excerpt":{"rendered":"Brottet intr\u00e4ffade i september i fjol, n\u00e4r Donald Trump var president\u00adkandidat. \u00d6ppna bildvisare Avsp\u00e4rrningsband syntes vid ing\u00e5ngen till&hellip;\n","protected":false},"author":2,"featured_media":38105,"comment_status":"","ping_status":"","sticky":false,"template":"","format":"standard","meta":{"footnotes":""},"categories":[5],"tags":[22,23,385,26,27,17,21,24,25,28,29,2966,15,16,1537,18,34,31,33,32,30,19,20,237],"class_list":{"0":"post-38104","1":"post","2":"type-post","3":"status-publish","4":"format-standard","5":"has-post-thumbnail","7":"category-rubriker","8":"tag-breaking-news","9":"tag-breakingnews","10":"tag-donald-trump","11":"tag-featured-news","12":"tag-featurednews","13":"tag-headlines","14":"tag-huvudnyheter","15":"tag-latest-news","16":"tag-latestnews","17":"tag-main-news","18":"tag-mainnews","19":"tag-mordforsok","20":"tag-news","21":"tag-nyheter","22":"tag-rattegangar","23":"tag-rubriker","24":"tag-se","25":"tag-svenska","26":"tag-sverige","27":"tag-sweden","28":"tag-swedish","29":"tag-top-stories","30":"tag-topstories","31":"tag-utrikes"},"share_on_mastodon":{"url":"","error":""},"_links":{"self":[{"href":"https:\/\/www.europesays.com\/se\/wp-json\/wp\/v2\/posts\/38104","targetHints":{"allow":["GET"]}}],"collection":[{"href":"https:\/\/www.europesays.com\/se\/wp-json\/wp\/v2\/posts"}],"about":[{"href":"https:\/\/www.europesays.com\/se\/wp-json\/wp\/v2\/types\/post"}],"author":[{"embeddable":true,"href":"https:\/\/www.europesays.com\/se\/wp-json\/wp\/v2\/users\/2"}],"replies":[{"embeddable":true,"href":"https:\/\/www.europesays.com\/se\/wp-json\/wp\/v2\/comments?post=38104"}],"version-history":[{"count":0,"href":"https:\/\/www.europesays.com\/se\/wp-json\/wp\/v2\/posts\/38104\/revisions"}],"wp:featuredmedia":[{"embeddable":true,"href":"https:\/\/www.europesays.com\/se\/wp-json\/wp\/v2\/media\/38105"}],"wp:attachment":[{"href":"https:\/\/www.europesays.com\/se\/wp-json\/wp\/v2\/media?parent=38104"}],"wp:term":[{"taxonomy":"category","embeddable":true,"href":"https:\/\/www.europesays.com\/se\/wp-json\/wp\/v2\/categories?post=38104"},{"taxonomy":"post_tag","embeddable":true,"href":"https:\/\/www.europesays.com\/se\/wp-json\/wp\/v2\/tags?post=38104"}],"curies":[{"name":"wp","href":"https:\/\/api.w.org\/{rel}","templated":true}]}}