{"id":38126,"date":"2025-09-24T04:07:11","date_gmt":"2025-09-24T04:07:11","guid":{"rendered":"https:\/\/www.europesays.com\/se\/38126\/"},"modified":"2025-09-24T04:07:11","modified_gmt":"2025-09-24T04:07:11","slug":"dispyten-mellan-usa-och-kina-kring-sallsynta-jordartsmetaller-fortfarande-olost","status":"publish","type":"post","link":"https:\/\/www.europesays.com\/se\/38126\/","title":{"rendered":"Dispyten mellan USA och Kina kring s\u00e4llsynta jordartsmetaller fortfarande ol\u00f6st"},"content":{"rendered":"<p>&#13;<br \/>\n                        Det skriver Bloomberg.<br \/>Representant Adam Smith beskrev de fortsatta utmaningarna i fr\u00e5gan under en presskonferens p\u00e5 tisdagen i den kinesiska huvudstaden.<\/p>\n<p>\u201dJag tror inte att vi har l\u00f6st fr\u00e5gan om s\u00e4llsynta jordartsmetaller\u201d, sade Smith, utan att specificera vad som \u00e4r kn\u00e4ckfr\u00e5gorna. \u201dJag tror att det fortfarande finns arbete kvar att g\u00f6ra.\u201d <\/p>\n<p>Kina dominerar den globala tillg\u00e5ngen och bearbetningen av mineralerna, som \u00e4r avg\u00f6rande f\u00f6r allt fr\u00e5n elfordon till avancerade vapen. Peking har anv\u00e4nt sin position som en strategisk h\u00e4vst\u00e5ng n\u00e4r handelssp\u00e4nningarna med Trump-administrationen eskalerade tidigare i \u00e5r.<\/p>\n<p>De tv\u00e5 regeringarna n\u00e5dde i juni en ram\u00f6verenskommelse som innefattar ett kinesiskt \u00e5tagande att granska ans\u00f6kningar om export av s\u00e4llsynta jordartsmetaller, \u00e4ven om f\u00e5 detaljer om avtalet har offentliggjorts, skriver Bloomberg.&#13;\n                    <\/p>\n","protected":false},"excerpt":{"rendered":"&#13; Det skriver Bloomberg.Representant Adam Smith beskrev de fortsatta utmaningarna i fr\u00e5gan under en presskonferens p\u00e5 tisdagen i&hellip;\n","protected":false},"author":2,"featured_media":38127,"comment_status":"","ping_status":"","sticky":false,"template":"","format":"standard","meta":{"footnotes":""},"categories":[65],"tags":[72,70,71,454,453,451,452,34,31,33,32,30,455],"class_list":{"0":"post-38126","1":"post","2":"type-post","3":"status-publish","4":"format-standard","5":"has-post-thumbnail","7":"category-ekonomi","8":"tag-business","9":"tag-economy","10":"tag-ekonomi","11":"tag-ekonomisk-analys","12":"tag-finans","13":"tag-finansiella-nyheter","14":"tag-investera","15":"tag-se","16":"tag-svenska","17":"tag-sverige","18":"tag-sweden","19":"tag-swedish","20":"tag-trading"},"share_on_mastodon":{"url":"","error":""},"_links":{"self":[{"href":"https:\/\/www.europesays.com\/se\/wp-json\/wp\/v2\/posts\/38126","targetHints":{"allow":["GET"]}}],"collection":[{"href":"https:\/\/www.europesays.com\/se\/wp-json\/wp\/v2\/posts"}],"about":[{"href":"https:\/\/www.europesays.com\/se\/wp-json\/wp\/v2\/types\/post"}],"author":[{"embeddable":true,"href":"https:\/\/www.europesays.com\/se\/wp-json\/wp\/v2\/users\/2"}],"replies":[{"embeddable":true,"href":"https:\/\/www.europesays.com\/se\/wp-json\/wp\/v2\/comments?post=38126"}],"version-history":[{"count":0,"href":"https:\/\/www.europesays.com\/se\/wp-json\/wp\/v2\/posts\/38126\/revisions"}],"wp:featuredmedia":[{"embeddable":true,"href":"https:\/\/www.europesays.com\/se\/wp-json\/wp\/v2\/media\/38127"}],"wp:attachment":[{"href":"https:\/\/www.europesays.com\/se\/wp-json\/wp\/v2\/media?parent=38126"}],"wp:term":[{"taxonomy":"category","embeddable":true,"href":"https:\/\/www.europesays.com\/se\/wp-json\/wp\/v2\/categories?post=38126"},{"taxonomy":"post_tag","embeddable":true,"href":"https:\/\/www.europesays.com\/se\/wp-json\/wp\/v2\/tags?post=38126"}],"curies":[{"name":"wp","href":"https:\/\/api.w.org\/{rel}","templated":true}]}}