{"id":38224,"date":"2025-09-24T06:38:13","date_gmt":"2025-09-24T06:38:13","guid":{"rendered":"https:\/\/www.europesays.com\/se\/38224\/"},"modified":"2025-09-24T06:38:13","modified_gmt":"2025-09-24T06:38:13","slug":"jonathan-toews-tillbaka-i-nhl-nhl","status":"publish","type":"post","link":"https:\/\/www.europesays.com\/se\/38224\/","title":{"rendered":"Jonathan Toews tillbaka i NHL | NHL"},"content":{"rendered":"<p>Publicerad 24 sep 2025 kl 07.39Uppdaterad kl 08.06<\/p>\n<p>LOS ANGELES. Efter tv\u00e5 \u00e5rs fr\u00e5nvaro fr\u00e5n NHL var tredubble Stanley Cupm\u00e4staren Jonathan Toews tillbaka i natt.<\/p>\n<p>37-\u00e5ringen gjorde sin f\u00f6rsta match f\u00f6r Winnipeg Jets, dit han flyttade i somras efter alla succ\u00e9\u00e5ren i Chicago Blackhawks.<\/p>\n<p>\u2013 Sk\u00f6nt att ha f\u00f6rsta matchen \u00f6verst\u00f6kad. Jag gjorde v\u00e4l en del bra saker, men ocks\u00e5 s\u00e5nt som inte var s\u00e5 bra, sa Toews n\u00e4r han m\u00f6tte media efter\u00e5t.<\/p>\n<p><img   alt=\"\"\/><\/p>\n<p>Jonathan Toews i Winnipeg.<\/p>\n<p>Foto: JOHN WOODS \/ AP TT NYHETSBYR\u00c5N<\/p>\n<p>\u00d6ppna bild i helsk\u00e4rm<img loading=\"lazy\"   alt=\"\"\/><\/p>\n<p>Toews efter Stanley Cup-segern 2015.<\/p>\n<p>Foto: IMAGO SPORTFOTODIENST \/ IMAGO\/ICON SMI IMAGO SPORTFOTODIENST<\/p>\n<p>\u00d6ppna bild i helsk\u00e4rm<\/p>\n<p>Han hyllade sina kedjekamrater Gustav Nyquist och Cole Perfetti.<\/p>\n<p>\u2013 Jag var ute p\u00e5 isen med n\u00e5gra riktigt bra spelare och de st\u00e4dade upp efter mig efter n\u00e5gra misstag. Men jag \u00e4r n\u00f6jd, det \u00e4r ett nytt lag med nya lagkamrater i omkl\u00e4dningsrummet. Jag \u00e4r bara exalterad \u00f6ver att f\u00e5 spela hockey igen, sa Jonathan Toews efter sin comeback.<\/p>\n<p>Han var lagkapten i Chicago Blackhawks och en av stj\u00e4rnorna i laget n\u00e4r man blev <a href=\"https:\/\/www.expressen.se\/tagg\/organization\/nhl\/\" class=\"\" rel=\"nofollow noopener\" target=\"_blank\">NHL<\/a>-m\u00e4stare 2010, 2013 och 2015.<\/p>\n<p>Att Toews valde Winnipeg f\u00f6r sin comeback efter de tv\u00e5 \u00e5ren vid sidan av hockeyn har att g\u00f6ra med att det \u00e4r hans hemstad.<\/p>\n<p>Debut av Nyquist<\/p>\n<p>Under de femton s\u00e4songer han representerade Blackhawks producerade Toews 883 po\u00e4ng, 372 m\u00e5l och 511 assist, p\u00e5 1067 spelade matcher. Han var +148.<\/p>\n<p>F\u00f6r Gustav Nyquist var det ocks\u00e5 debut i Jets i natt.<\/p>\n<p>Han s\u00e4ger s\u00e5 h\u00e4r till Expressen om k\u00e4nslan efter\u00e5t sedan man f\u00f6rlorat med 2-3 mot Edmonton Oilers.<\/p>\n<p>\u2013 Det var grymt kul att spela match ikv\u00e4ll. Var lite rostig, men tyckte \u00e4nd\u00e5 att vi skapade n\u00e5gra chanser. Det kan bli en kul lina.<\/p>\n<p>Winnipegs m\u00e5l gjordes av Colin Miller och Colby Barlow.<\/p>\n<p>Hos Edmonton var m\u00e5lskyttarna Quinn Hutson, Ty Emberson och Isaac Howard.<\/p>\n","protected":false},"excerpt":{"rendered":"Publicerad 24 sep 2025 kl 07.39Uppdaterad kl 08.06 LOS ANGELES. Efter tv\u00e5 \u00e5rs fr\u00e5nvaro fr\u00e5n NHL var tredubble&hellip;\n","protected":false},"author":2,"featured_media":38225,"comment_status":"","ping_status":"","sticky":false,"template":"","format":"standard","meta":{"footnotes":""},"categories":[68],"tags":[421,4012,34,255,256,111,110,31,33,32,30],"class_list":{"0":"post-38224","1":"post","2":"type-post","3":"status-publish","4":"format-standard","5":"has-post-thumbnail","7":"category-sport","8":"tag-organization-nhl","9":"tag-person-jonathan-toews","10":"tag-se","11":"tag-sections-ishockey","12":"tag-sections-nhl","13":"tag-sport","14":"tag-sports","15":"tag-svenska","16":"tag-sverige","17":"tag-sweden","18":"tag-swedish"},"share_on_mastodon":{"url":"","error":""},"_links":{"self":[{"href":"https:\/\/www.europesays.com\/se\/wp-json\/wp\/v2\/posts\/38224","targetHints":{"allow":["GET"]}}],"collection":[{"href":"https:\/\/www.europesays.com\/se\/wp-json\/wp\/v2\/posts"}],"about":[{"href":"https:\/\/www.europesays.com\/se\/wp-json\/wp\/v2\/types\/post"}],"author":[{"embeddable":true,"href":"https:\/\/www.europesays.com\/se\/wp-json\/wp\/v2\/users\/2"}],"replies":[{"embeddable":true,"href":"https:\/\/www.europesays.com\/se\/wp-json\/wp\/v2\/comments?post=38224"}],"version-history":[{"count":0,"href":"https:\/\/www.europesays.com\/se\/wp-json\/wp\/v2\/posts\/38224\/revisions"}],"wp:featuredmedia":[{"embeddable":true,"href":"https:\/\/www.europesays.com\/se\/wp-json\/wp\/v2\/media\/38225"}],"wp:attachment":[{"href":"https:\/\/www.europesays.com\/se\/wp-json\/wp\/v2\/media?parent=38224"}],"wp:term":[{"taxonomy":"category","embeddable":true,"href":"https:\/\/www.europesays.com\/se\/wp-json\/wp\/v2\/categories?post=38224"},{"taxonomy":"post_tag","embeddable":true,"href":"https:\/\/www.europesays.com\/se\/wp-json\/wp\/v2\/tags?post=38224"}],"curies":[{"name":"wp","href":"https:\/\/api.w.org\/{rel}","templated":true}]}}