{"id":38278,"date":"2025-09-24T11:18:13","date_gmt":"2025-09-24T11:18:13","guid":{"rendered":"https:\/\/www.europesays.com\/se\/38278\/"},"modified":"2025-09-24T11:18:13","modified_gmt":"2025-09-24T11:18:13","slug":"christer-dahlgren-och-lennart-hakansson-dog-i-flygkraschen","status":"publish","type":"post","link":"https:\/\/www.europesays.com\/se\/38278\/","title":{"rendered":"Christer Dahlgren och Lennart H\u00e5kansson dog i flygkraschen"},"content":{"rendered":"<p>Publicerad 24 sep 2025 kl 09.57Uppdaterad kl 11.17<\/p>\n<p>Eldsj\u00e4lar, f\u00e4rgstarka och duktiga piloter.<\/p>\n<p>S\u00e5 beskrivs Christer Dahlgren och Lennart H\u00e5kansson \u2013 de tv\u00e5 piloter som avled i kraschen i Limmaren i b\u00f6rjan av september.<\/p>\n<p>\u2013 Vi har f\u00f6rlorat tv\u00e5 stycken duktiga piloter. Men vi har f\u00f6rlorat tv\u00e5 v\u00e4nner, tv\u00e5 kompisar, framf\u00f6r allt, s\u00e4ger v\u00e4nnen och kollegan Per Winberg.<\/p>\n<p>Nyheter, reportage och analyser i Sverige och i \u00f6vriga v\u00e4rlden.<img   alt=\"\"\/><\/p>\n<p>Planet kraschade i sj\u00f6n Limmaren utanf\u00f6r Norrt\u00e4lje.<\/p>\n<p>Foto: JOHN FAGERSTR\u00d6M \/ NORRTELJE TIDNING<\/p>\n<p>\u00d6ppna bild i helsk\u00e4rm<img loading=\"lazy\"   alt=\"\"\/><\/p>\n<p>R\u00e4ddningshelikopter deltog i insatsen.<\/p>\n<p>Foto: Anders Wiklund\/TT \/ TT NYHETSBYR\u00c5N<\/p>\n<p>\u00d6ppna bild i helsk\u00e4rm<\/p>\n<p>I b\u00f6rjan av september kraschade ett mindre flygplan i sj\u00f6n Limmaren i samband med en landning vid <a href=\"https:\/\/www.expressen.se\/tagg\/location\/norrtalje\/\" class=\"\" rel=\"nofollow noopener\" target=\"_blank\">Norrt\u00e4lje<\/a> flygplats.<\/p>\n<p>Frivilliga flygk\u00e5ren, en svensk frivillig f\u00f6rsvarsorganisation som samlar piloter och flygintresserade f\u00f6r att st\u00f6dja samh\u00e4llet och F\u00f6rsvarsmakten med flyginsatser, hade varit ute p\u00e5 \u00f6vning med tre flyg.<\/p>\n<p>Men ett flyg kom aldrig tillbaka till flygf\u00e4ltet.<\/p>\n<p>Ombord fanns piloterna Christer Dahlgren, 78, och Lennart H\u00e5kansson, 68, som b\u00e5da omkom.<\/p>\n<p>\u2013 Det var ju tv\u00e5 mycket, mycket erfarna piloter. De har m\u00e5ng\u00e5rig verksamhet i flygk\u00e5ren och var alltid v\u00e4ldigt gener\u00f6sa med att dela med sig av sitt kunnande s\u00e4ger Per, som \u00e4ven pratat med <a href=\"https:\/\/www.norrteljetidning.se\/2025-09-12\/vanner-och-flygelever-sorjer-piloterna-som-dog-i-limmaren\/\" rel=\"nofollow noopener\" target=\"_blank\">Norrtelje Tidning.<\/a><\/p>\n<p><img loading=\"lazy\"   alt=\"\"\/><\/p>\n<p>Lennart, drygt tio \u00e5r yngre, hade \u00e4ven han varit med i Frivilliga flygk\u00e5ren i m\u00e5nga \u00e5r.<\/p>\n<p>Foto: Privat<\/p>\n<p>\u00d6ppna bild i helsk\u00e4rm\u201dEn eldsj\u00e4l\u201d<\/p>\n<p>B\u00e5de Christer och Lennart var en del av Frivilliga flygk\u00e5ren, och Per Winberg tog \u00f6ver efter Christer som l\u00e4nsflygchef 2022.<\/p>\n<p>\u2013 Jag har i ett tidigare s\u00e5nt h\u00e4r sammanhang beskrivit Christer som f\u00e4rgstark och det tycker jag fortfarande h\u00e5ller r\u00e4tt bra. Om du tr\u00e4ffade Christer s\u00e5 kom du ih\u00e5g det, s\u00e4ger Per, som \u00e4ven pratat med <a href=\"https:\/\/www.norrteljetidning.se\/2025-09-12\/vanner-och-flygelever-sorjer-piloterna-som-dog-i-limmaren\/\" rel=\"nofollow noopener\" target=\"_blank\">Norrtelje Tidning.\u00a0<\/a><\/p>\n<p>\u2013 Han gjorde intryck p\u00e5 folk. Inte genom att skr\u00e4vla eller vara h\u00f6gljudd men bara genom att vara som han var.<\/p>\n<p><img loading=\"lazy\"   alt=\"\"\/><\/p>\n<p>Christer var med och grundade Bungel\u00e4gret p\u00e5 Gotland, ett \u00e5rligt flygl\u00e4ger f\u00f6r ungdomar.<\/p>\n<p>Foto: Privat<\/p>\n<p>\u00d6ppna bild i helsk\u00e4rm<\/p>\n<p>Christer var med och grundade Bungel\u00e4gret p\u00e5 Gotland, ett \u00e5rligt flygl\u00e4ger f\u00f6r ungdomar. Han var m\u00e5n om att alla skulle ha r\u00e5d med l\u00e4gret \u2013 oavsett socioekonomisk bakgrund.<\/p>\n<p>\u2013 L\u00e4gret ska vara i det n\u00e4rmaste kostnadsfritt och Christer lyckades ordna finansieringen. B\u00e5da de d\u00e4r reglerna st\u00e5r fortfarande faktiskt. Nu n\u00e4r vi var p\u00e5 Bunge i somras s\u00e5 har vi 22 deltagare. 11 tjejer och 11 killar, s\u00e4ger Winberg.<\/p>\n<p><img loading=\"lazy\"   alt=\"\"\/><\/p>\n<p>V\u00e4nnen och kollegan Per Winberg.<\/p>\n<p>Foto: Privat<\/p>\n<p>\u00d6ppna bild i helsk\u00e4rm\u201dSteget mellan balett och akrobatikflyg \u00e4r inte s\u00e5 l\u00e5ngt&#8230;\u201d<\/p>\n<p>Lennart, drygt tio \u00e5r yngre, hade \u00e4ven han varit med i Frivilliga flygk\u00e5ren i m\u00e5nga \u00e5r.<\/p>\n<p>Han var ordf\u00f6rande i Tekniska H\u00f6gskolans Flygklubb, och tr\u00e4ffade Christer p\u00e5 Tullinge flygf\u00e4lt.<\/p>\n<p>\u2013 Redan d\u00e4r har de kommit i kontakt med varandra i klubbverksamhet och sen s\u00e5 sm\u00e5ningom hamnat i flygk\u00e5ren b\u00e4gge tv\u00e5, s\u00e4ger Winberg.<\/p>\n<p><img loading=\"lazy\"   alt=\"\"\/><\/p>\n<p>R\u00e4ddningstj\u00e4nsten p\u00e5 plats efter olyckan.<\/p>\n<p>Foto: JOHN FAGERSTR\u00d6M \/ NORRTELJE TIDNING<\/p>\n<p>\u00d6ppna bild i helsk\u00e4rm<\/p>\n<p>Men Lennart har en liten annan bakgrund \u00e4n Christer \u2013 en g\u00e5ng i tiden var han n\u00e4mligen balettdansare och koreograf.<\/p>\n<p>\u2013 Lennart t\u00e4vlade i aerobatics, allts\u00e5 konstflyg. Steget fr\u00e5n balett p\u00e5 ett dansgolv till balett i luften \u00e4r kanske inte s\u00e5 himla l\u00e5ngt, s\u00e4ger Winberg med ett leende.<\/p>\n<p>\u2013 Han var v\u00e4ldigt, v\u00e4ldigt \u00f6dmjuk, l\u00e5gm\u00e4ld. V\u00e4nlig, men det var ocks\u00e5 ett drag som gjorde honom omtyckt.<\/p>\n<p>De senaste veckorna har Christer och Lennart s\u00f6rjts av m\u00e5nga runtom i flyg-Sverige.<\/p>\n<p>\u2013 Ja, vi har f\u00f6rlorat tv\u00e5 duktiga piloter. Men vi har f\u00f6rlorat tv\u00e5 v\u00e4nner, tv\u00e5 kompisar ocks\u00e5. Det g\u00e5r att ers\u00e4tta tv\u00e5 piloter, det \u00e4r sv\u00e5rare att ers\u00e4tta tv\u00e5 v\u00e4nner, s\u00e4ger Winberg.\u00a0<\/p>\n<p>\u2013 Det \u00e4r de verkliga f\u00f6rlusterna.<\/p>\n<p>De anh\u00f6riga har gett Expressen till\u00e5telse att publicera Lennart och Christers namn och bild.<\/p>\n","protected":false},"excerpt":{"rendered":"Publicerad 24 sep 2025 kl 09.57Uppdaterad kl 11.17 Eldsj\u00e4lar, f\u00e4rgstarka och duktiga piloter. S\u00e5 beskrivs Christer Dahlgren och&hellip;\n","protected":false},"author":2,"featured_media":38279,"comment_status":"","ping_status":"","sticky":false,"template":"","format":"standard","meta":{"footnotes":""},"categories":[12],"tags":[22,23,26,27,17,21,24,25,2756,28,29,15,16,18,34,154,31,33,32,30,19,4033,20],"class_list":{"0":"post-38278","1":"post","2":"type-post","3":"status-publish","4":"format-standard","5":"has-post-thumbnail","7":"category-sverige","8":"tag-breaking-news","9":"tag-breakingnews","10":"tag-featured-news","11":"tag-featurednews","12":"tag-headlines","13":"tag-huvudnyheter","14":"tag-latest-news","15":"tag-latestnews","16":"tag-location-norrtalje","17":"tag-main-news","18":"tag-mainnews","19":"tag-news","20":"tag-nyheter","21":"tag-rubriker","22":"tag-se","23":"tag-sections-sverige","24":"tag-svenska","25":"tag-sverige","26":"tag-sweden","27":"tag-swedish","28":"tag-top-stories","29":"tag-topic-flygolycka","30":"tag-topstories"},"share_on_mastodon":{"url":"","error":""},"_links":{"self":[{"href":"https:\/\/www.europesays.com\/se\/wp-json\/wp\/v2\/posts\/38278","targetHints":{"allow":["GET"]}}],"collection":[{"href":"https:\/\/www.europesays.com\/se\/wp-json\/wp\/v2\/posts"}],"about":[{"href":"https:\/\/www.europesays.com\/se\/wp-json\/wp\/v2\/types\/post"}],"author":[{"embeddable":true,"href":"https:\/\/www.europesays.com\/se\/wp-json\/wp\/v2\/users\/2"}],"replies":[{"embeddable":true,"href":"https:\/\/www.europesays.com\/se\/wp-json\/wp\/v2\/comments?post=38278"}],"version-history":[{"count":0,"href":"https:\/\/www.europesays.com\/se\/wp-json\/wp\/v2\/posts\/38278\/revisions"}],"wp:featuredmedia":[{"embeddable":true,"href":"https:\/\/www.europesays.com\/se\/wp-json\/wp\/v2\/media\/38279"}],"wp:attachment":[{"href":"https:\/\/www.europesays.com\/se\/wp-json\/wp\/v2\/media?parent=38278"}],"wp:term":[{"taxonomy":"category","embeddable":true,"href":"https:\/\/www.europesays.com\/se\/wp-json\/wp\/v2\/categories?post=38278"},{"taxonomy":"post_tag","embeddable":true,"href":"https:\/\/www.europesays.com\/se\/wp-json\/wp\/v2\/tags?post=38278"}],"curies":[{"name":"wp","href":"https:\/\/api.w.org\/{rel}","templated":true}]}}