{"id":38297,"date":"2025-09-24T11:29:11","date_gmt":"2025-09-24T11:29:11","guid":{"rendered":"https:\/\/www.europesays.com\/se\/38297\/"},"modified":"2025-09-24T11:29:11","modified_gmt":"2025-09-24T11:29:11","slug":"kritiken-mot-avicii-arena-det-ar-skandal-shl","status":"publish","type":"post","link":"https:\/\/www.europesays.com\/se\/38297\/","title":{"rendered":"Kritiken mot Avicii arena: \u201dDet \u00e4r skandal\u201d | SHL"},"content":{"rendered":"<p>Publicerad 24 sep 2025 kl 08.26Uppdaterad kl 10.25<\/p>\n<p>Avicii arena st\u00e5r nyrenoverad och klar.\u00a0<\/p>\n<p>\u00c4nd\u00e5 spelar bara Djurg\u00e5rden fem matcher i den under SHL-s\u00e4songen.\u00a0<\/p>\n<p>\u2013 Det \u00e4r ju ren skandal, s\u00e4ger Radiosportens Johan Garpenl\u00f6v.\u00a0<\/p>\n<p><img loading=\"lazy\"   alt=\"\"\/><\/p>\n<p>Djurg\u00e5rden f\u00f6ll med 2\u201311 hemma i Avicii arena under tisdagskv\u00e4llen.<\/p>\n<p>Foto: MAXIM THORE \/ BILDBYR\u00c5N<\/p>\n<p>\u00d6ppna bild i helsk\u00e4rm<img loading=\"lazy\"   alt=\"\"\/><\/p>\n<p>Johan Garpenl\u00f6v.<\/p>\n<p>Foto: JONATHAN N\u00c4CKSTRAND \/ BILDBYR\u00c5N<\/p>\n<p>\u00d6ppna bild i helsk\u00e4rm<\/p>\n<p>S\u00e4nkt tak och b\u00e4ttre akustik.\u00a0<\/p>\n<p>Avicii arena, tidigare Globen, har renoverats f\u00f6r att skapa mer f\u00f6rdelaktiga f\u00f6ruts\u00e4ttningar f\u00f6r sport- och musikarrangemang.\u00a0<\/p>\n<p>I b\u00f6rjan av 2025 slog portarna upp och sedan dess har den st\u00e5tt v\u00e4rd f\u00f6r bland annat hockey-VM som spelades i maj.\u00a0<\/p>\n<p>Men n\u00e4r Djurg\u00e5rden nu har g\u00e5tt upp i <a href=\"https:\/\/www.expressen.se\/tagg\/organization\/shl\/\" class=\"\" rel=\"nofollow noopener\" target=\"_blank\">SHL<\/a> efter flera \u00e5rs v\u00e4ntan \u00e4r det inte Avicii arena som de spelar majoriteten av sina hemmamatcher i, utan p\u00e5 Hovet.\u00a0<\/p>\n<p>Kritiken: \u201dSkandal\u201d\u00a0<\/p>\n<p>Endast fem matcher blir det s\u00e4songen 25\/26. Anledningen \u00e4r att det \u00e4r f\u00f6r dyrt, enligt Radiosportens expert Johan Garpenl\u00f6v som inte gillar det.\u00a0<\/p>\n<p>\u2013 Det \u00e4r alldeles f\u00f6r dyrt att spela matcherna h\u00e4r och det \u00e4r enormt synd att det ska vara s\u00e5. Det \u00e4r ju ren skandal, tycker jag, s\u00e4ger han under Djurg\u00e5rdens match mot Fr\u00f6lunda p\u00e5 tisdagen.\u00a0<\/p>\n<p>\u2013 Det \u00e4r otroligt fel att Djurg\u00e5rden inte kan spela fler matcher i en nyrenoverad arena.<\/p>\n<p>Vill spela fler matcher<\/p>\n<p>\u00c4ven flera av Djurg\u00e5rdens spelare h\u00e5ller med om att de borde spelas fler matcher i den klassiska arenan.\u00a0<\/p>\n<p>\u2013 N\u00e5gra fler matcher h\u00e4r hade kanske kunnat vara bra, s\u00e4ger m\u00e5lvakten Magnus Hellberg.<\/p>\n<p>Albin Grewe inst\u00e4mmer:\u00a0<\/p>\n<p>\u2013 Ja, absolut. Jag tycker det \u00e4r j\u00e4vligt kul att spela h\u00e4r, mycket publik och bra drag. Det hade jag g\u00e4rna gjort.<\/p>\n<p>F\u00f6rklaringen<\/p>\n<p>Enligt Djurg\u00e5rdens vd Matthias S\u00e5nemyr \u00e4r priset en faktor till att man inte spelar fler matcher i Avicii arena, men inte hela f\u00f6rklaringen.\u00a0<\/p>\n<p>\u2013 N\u00e4r vi var tvungna att ta beslut s\u00e5 visste vi inte vilken serie vi skulle spela i. Avicii arena \u00e4r en multiarena som vi m\u00e5ste boka l\u00e5ngt i f\u00f6rv\u00e4g. Det \u00e4r ocks\u00e5 en ny arena s\u00e5 vi k\u00e4nde att det var bra att spela n\u00e5gra matcher f\u00f6r att l\u00e4ra oss hur det fungerar, s\u00e4ger han.\u00a0<\/p>\n<p>Han menar att f\u00f6ruts\u00e4ttningarna inte \u00e4r optimala.\u00a0<\/p>\n<p>\u2013 F\u00f6ruts\u00e4ttningarna \u00e4r som det \u00e4r. Vi \u00e4ger inte v\u00e5r egen arena och d\u00e5 blir det dyrare j\u00e4mf\u00f6rt med andra klubbar. Det \u00e4r klart att vi generellt skulle beh\u00f6va b\u00e4ttre f\u00f6ruts\u00e4ttningar i Stockholm vad g\u00e4ller arenafr\u00e5gan, s\u00e4ger han.\u00a0<\/p>\n<p>Hur det blir n\u00e4sta \u00e5r \u00e4r \u00e4nnu inte klart. Klubben har en p\u00e5g\u00e5ende dialog med Stockholm Live.\u00a0<\/p>\n<p>SHL-premi\u00e4ren i Avicii arena blev allt annat \u00e4n ljus f\u00f6r Djurg\u00e5rden, som f\u00f6ll med 2\u201311.\u00a0<\/p>\n","protected":false},"excerpt":{"rendered":"Publicerad 24 sep 2025 kl 08.26Uppdaterad kl 10.25 Avicii arena st\u00e5r nyrenoverad och klar.\u00a0 \u00c4nd\u00e5 spelar bara Djurg\u00e5rden&hellip;\n","protected":false},"author":2,"featured_media":38298,"comment_status":"","ping_status":"","sticky":false,"template":"","format":"standard","meta":{"footnotes":""},"categories":[68],"tags":[814,1179,4035,34,255,823,111,110,31,33,32,30],"class_list":{"0":"post-38297","1":"post","2":"type-post","3":"status-publish","4":"format-standard","5":"has-post-thumbnail","7":"category-sport","8":"tag-organization-djurgarden-hockey","9":"tag-organization-shl","10":"tag-person-johan-garpenlov","11":"tag-se","12":"tag-sections-ishockey","13":"tag-sections-shl","14":"tag-sport","15":"tag-sports","16":"tag-svenska","17":"tag-sverige","18":"tag-sweden","19":"tag-swedish"},"share_on_mastodon":{"url":"","error":""},"_links":{"self":[{"href":"https:\/\/www.europesays.com\/se\/wp-json\/wp\/v2\/posts\/38297","targetHints":{"allow":["GET"]}}],"collection":[{"href":"https:\/\/www.europesays.com\/se\/wp-json\/wp\/v2\/posts"}],"about":[{"href":"https:\/\/www.europesays.com\/se\/wp-json\/wp\/v2\/types\/post"}],"author":[{"embeddable":true,"href":"https:\/\/www.europesays.com\/se\/wp-json\/wp\/v2\/users\/2"}],"replies":[{"embeddable":true,"href":"https:\/\/www.europesays.com\/se\/wp-json\/wp\/v2\/comments?post=38297"}],"version-history":[{"count":0,"href":"https:\/\/www.europesays.com\/se\/wp-json\/wp\/v2\/posts\/38297\/revisions"}],"wp:featuredmedia":[{"embeddable":true,"href":"https:\/\/www.europesays.com\/se\/wp-json\/wp\/v2\/media\/38298"}],"wp:attachment":[{"href":"https:\/\/www.europesays.com\/se\/wp-json\/wp\/v2\/media?parent=38297"}],"wp:term":[{"taxonomy":"category","embeddable":true,"href":"https:\/\/www.europesays.com\/se\/wp-json\/wp\/v2\/categories?post=38297"},{"taxonomy":"post_tag","embeddable":true,"href":"https:\/\/www.europesays.com\/se\/wp-json\/wp\/v2\/tags?post=38297"}],"curies":[{"name":"wp","href":"https:\/\/api.w.org\/{rel}","templated":true}]}}