{"id":38321,"date":"2025-09-24T11:45:12","date_gmt":"2025-09-24T11:45:12","guid":{"rendered":"https:\/\/www.europesays.com\/se\/38321\/"},"modified":"2025-09-24T11:45:12","modified_gmt":"2025-09-24T11:45:12","slug":"sandin-pellikka-har-debuterat-for-detroit-red-wings","status":"publish","type":"post","link":"https:\/\/www.europesays.com\/se\/38321\/","title":{"rendered":"Sandin Pellikka har debuterat f\u00f6r Detroit Red Wings"},"content":{"rendered":"<p><strong>I natt fick <a href=\"https:\/\/hockeysverige.se\/spelare\/axel-sandin-pellikka\/\" rel=\"nofollow noopener\" target=\"_blank\">Axel Sandin Pellikka<\/a> debutera f\u00f6r <a href=\"https:\/\/hockeysverige.se\/klubb\/detroit-red-wings\/\" rel=\"nofollow noopener\" target=\"_blank\">Detroit Red Wings<\/a>. <br \/>Han fick d\u00e5 ett stort f\u00f6rtroende och spelade mest av alla i Detroit som vann med 3-2 mot <a href=\"https:\/\/hockeysverige.se\/klubb\/chicago-blackhawks\/\" rel=\"nofollow noopener\" target=\"_blank\">Chicago Blackhawks<\/a> i en f\u00f6rs\u00e4songsmatch. <br \/>\u2013 Han kom in, visade sin talang och man s\u00e5g verkligen verktygen som han har, s\u00e4ger Detroit-coachen Todd McLellan. <\/strong><\/p>\n<p><img loading=\"lazy\" decoding=\"async\" width=\"1024\" height=\"658\" src=\"https:\/\/www.europesays.com\/se\/wp-content\/uploads\/2025\/09\/Axel-Sandin-Pellikka-1024x658.webp.webp\" alt=\"Axel Sandin Pellikka.\" class=\"wp-image-306455\"  \/>Axel Sandin Pellikka har gjort sin f\u00f6rsta match med Detroit.<strong> Foto:<\/strong> Ola Westerberg\/Bildbyr\u00e5n<\/p>\n<p>I natt spelade Detroit Red Wings sin f\u00f6rsta f\u00f6rs\u00e4songsmatch inf\u00f6r den stundande <a href=\"https:\/\/hockeysverige.se\/nhl\/\" rel=\"nofollow noopener\" target=\"_blank\">NHL<\/a>-s\u00e4songen. Matchen inneb\u00e4r d\u00e4rmed att svenske stortalangen Axel Sandin Pellikka fick debutera f\u00f6r Detroit i m\u00f6tet med Chicago Blackhawks. <\/p>\n<p>Sandin Pellikka tog d\u00e5 f\u00f6r sig direkt och fick ett stort f\u00f6rtroende av tr\u00e4narstaben. Han fick en ledande roll i powerplay och stack ut i matchen. Detroit vann matchen med 3-2 och \u00e4ven om \u201dASP\u201d l\u00e4mnade isen po\u00e4ngl\u00f6s var han den spelare i Detroit som hade f\u00e5tt mest istid. 20-\u00e5ringen var inne p\u00e5 isen i 22:36 minuter och noterades bland annat f\u00f6r ett skott p\u00e5 m\u00e5l. <\/p>\n<p>Tr\u00e4narens dom om Axel Sandin Pellikka<\/p>\n<p>Efter\u00e5t ger tr\u00e4naren Todd McLellan sin dom om Axel Sandin Pellikka och hans prestation i debuten. <\/p>\n<p>\u2013 Han kom in, visade sin talang och man s\u00e5g verkligen verktygen som han har. Hans blick f\u00f6r spelet och smarta spel, framf\u00f6r allt i powerplay. Baserat p\u00e5 kv\u00e4llens match tycker jag att det finns saker som han fortfarande beh\u00f6ver jobba p\u00e5. Men vi kan hj\u00e4lpa honom med de sakerna, s\u00e4ger McLellan p\u00e5 <a href=\"https:\/\/www.nhl.com\/redwings\/video\/meijer-postgame-comments-09-23-25-6380018896112\" rel=\"nofollow noopener\" target=\"_blank\">presskonferensen efter matchen<\/a> och forts\u00e4tter: <br \/>\u2013 Ibland \u00e4r det sv\u00e5rt att hj\u00e4lpa spelare att bli b\u00e4ttre kreativt men det har han redan och sakerna som han beh\u00f6ver f\u00f6rb\u00e4ttra kan vi hj\u00e4lpa honom med. Han beh\u00f6ver lite tid men vi kommer att hj\u00e4lpa honom utvecklas.<\/p>\n<p>Axel Sandin Pellikka har varit en sensation i <a href=\"https:\/\/hockeysverige.se\/shl\/\" rel=\"nofollow noopener\" target=\"_blank\">SHL<\/a> de senaste \u00e5ren d\u00e4r han har spelat f\u00f6r <a href=\"https:\/\/hockeysverige.se\/klubb\/skelleftea-aik\/\" rel=\"nofollow noopener\" target=\"_blank\">Skellefte\u00e5<\/a>. Han var en ledande spelare vid Skellefte\u00e5s SM-guld 2024 och prisades samma \u00e5r med Salming Trophy som SHL:s b\u00e4sta svenska back. I fjol gjorde han tolv m\u00e5l och 29 po\u00e4ng p\u00e5 46 matcher fr\u00e5n sin backplats och vann <a href=\"https:\/\/hockeysverige.se\/shl\/axel-sandin-pellikka-vinner-elite-prospects-award-2025\/\" rel=\"nofollow noopener\" target=\"_blank\">EliteProspects Award som SHL:s b\u00e4sta junior<\/a>. I vintras var Sandin Pellikka \u00e4ven lagkapten f\u00f6r <a href=\"https:\/\/hockeysverige.se\/landslag\/juniorkronorna\/\" rel=\"nofollow noopener\" target=\"_blank\">Juniorkronorna<\/a> och han har utsetts till <a href=\"https:\/\/hockeysverige.se\/junior-vm\/\" rel=\"nofollow noopener\" target=\"_blank\">JVM<\/a>:s b\u00e4sta back b\u00e5de 2024 och 2025. Till \u00e5rets s\u00e4song har han tagit klivet till Nordamerika f\u00f6r spel i Detroits organisation. <\/p>\n<p>En annan tidigare Skellefte\u00e5-spelare som imponerade i nattens match var norrmannen <a href=\"https:\/\/hockeysverige.se\/spelare\/michael-brandsegg-nygard\/\" rel=\"nofollow noopener\" target=\"_blank\">Michael Brandsegg-Nyg\u00e5rd<\/a>. Den norske forwarden var framtr\u00e4dande i Detroits offensiv och noterades f\u00f6r tv\u00e5 assist i segern. Brandsegg-Nyg\u00e5rd spelade bland annat fram till Emmitt Finnies segerm\u00e5l i tredje perioden. <\/p>\n<p>Svenske backen <a href=\"https:\/\/hockeysverige.se\/spelare\/william-wallinder\/\" rel=\"nofollow noopener\" target=\"_blank\">William Wallinder<\/a> stod ocks\u00e5 f\u00f6r en assist i Detroits vinst mot Chicago. <\/p>\n<p> Source: <a href=\"https:\/\/www.eliteprospects.com\/player\/534818\/axel-sandin-pellikka\" target=\"_blank\" rel=\"noopener noreferrer nofollow\">Axel Sandin-Pellikka<\/a> @ Elite Prospects<\/p>\n","protected":false},"excerpt":{"rendered":"I natt fick Axel Sandin Pellikka debutera f\u00f6r Detroit Red Wings. Han fick d\u00e5 ett stort f\u00f6rtroende och&hellip;\n","protected":false},"author":2,"featured_media":38322,"comment_status":"","ping_status":"","sticky":false,"template":"","format":"standard","meta":{"footnotes":""},"categories":[68],"tags":[247,34,133,111,110,31,33,32,30],"class_list":{"0":"post-38321","1":"post","2":"type-post","3":"status-publish","4":"format-standard","5":"has-post-thumbnail","7":"category-sport","8":"tag-nhl","9":"tag-se","10":"tag-second-news","11":"tag-sport","12":"tag-sports","13":"tag-svenska","14":"tag-sverige","15":"tag-sweden","16":"tag-swedish"},"share_on_mastodon":{"url":"","error":""},"_links":{"self":[{"href":"https:\/\/www.europesays.com\/se\/wp-json\/wp\/v2\/posts\/38321","targetHints":{"allow":["GET"]}}],"collection":[{"href":"https:\/\/www.europesays.com\/se\/wp-json\/wp\/v2\/posts"}],"about":[{"href":"https:\/\/www.europesays.com\/se\/wp-json\/wp\/v2\/types\/post"}],"author":[{"embeddable":true,"href":"https:\/\/www.europesays.com\/se\/wp-json\/wp\/v2\/users\/2"}],"replies":[{"embeddable":true,"href":"https:\/\/www.europesays.com\/se\/wp-json\/wp\/v2\/comments?post=38321"}],"version-history":[{"count":0,"href":"https:\/\/www.europesays.com\/se\/wp-json\/wp\/v2\/posts\/38321\/revisions"}],"wp:featuredmedia":[{"embeddable":true,"href":"https:\/\/www.europesays.com\/se\/wp-json\/wp\/v2\/media\/38322"}],"wp:attachment":[{"href":"https:\/\/www.europesays.com\/se\/wp-json\/wp\/v2\/media?parent=38321"}],"wp:term":[{"taxonomy":"category","embeddable":true,"href":"https:\/\/www.europesays.com\/se\/wp-json\/wp\/v2\/categories?post=38321"},{"taxonomy":"post_tag","embeddable":true,"href":"https:\/\/www.europesays.com\/se\/wp-json\/wp\/v2\/tags?post=38321"}],"curies":[{"name":"wp","href":"https:\/\/api.w.org\/{rel}","templated":true}]}}