{"id":38350,"date":"2025-09-24T12:05:06","date_gmt":"2025-09-24T12:05:06","guid":{"rendered":"https:\/\/www.europesays.com\/se\/38350\/"},"modified":"2025-09-24T12:05:06","modified_gmt":"2025-09-24T12:05:06","slug":"s-ska-presentera-storre-forandringar","status":"publish","type":"post","link":"https:\/\/www.europesays.com\/se\/38350\/","title":{"rendered":"S ska presentera st\u00f6rre f\u00f6r\u00e4ndringar"},"content":{"rendered":"<p>Publicerad 24 sep 2025 kl 13.52Uppdaterad kl 14.03<\/p>\n<p>Socialdemokraterna genomf\u00f6r st\u00f6rre f\u00f6r\u00e4ndringar i partitoppen.<\/p>\n<p>De kommer att presenteras p\u00e5 en presstr\u00e4ff under onsdagseftermiddagen.<\/p>\n<p>\u2013 Flera personer ber\u00f6rs, s\u00e4ger en S-k\u00e4lla.<\/p>\n<p><img   alt=\"\"\/><\/p>\n<p>Magdalena Andersson har kallat till presstr\u00e4ff.<\/p>\n<p>Foto: OLLE SPORRONG<\/p>\n<p>\u00d6ppna bild i helsk\u00e4rm<\/p>\n<p>S-ledaren Magdalena Andersson har kallat till presstr\u00e4ff p\u00e5 onsdagseftermiddagen \u2013 f\u00f6r att presentera en st\u00f6rre f\u00f6r\u00e4ndring i partiet, vilket Expressen var f\u00f6rst med att ber\u00e4tta.<\/p>\n<p><a href=\"https:\/\/www.expressen.se\/tagg\/organization\/socialdemokraterna\/\" class=\"\" rel=\"nofollow noopener\" target=\"_blank\">Socialdemokraterna<\/a> har som m\u00e5l att vinna valet n\u00e4sta \u00e5r och att f\u00e5 bilda regering och enligt k\u00e4llor ska f\u00f6r\u00e4ndringarna vara ett led i det arbetet.<\/p>\n<p>Enligt ett pressmeddelande fr\u00e5n partiet handlar det om \u201dst\u00f6rre f\u00f6r\u00e4ndring i gruppstyrelsen och om nya talespersoner\u201d.<\/p>\n<p>\u2013 Flera personer ber\u00f6rs, s\u00e4ger en S-k\u00e4lla.<\/p>\n<p>Presstr\u00e4ffen h\u00e5lls klockan 15.45.<\/p>\n<p>\u00d6nskem\u00e5l om nya ansikten<\/p>\n<p>Inom partiet har det sedan l\u00e4nge funnits ett \u00f6nskem\u00e5l om att fler nya ansikten ska lyftas fram, inte minst f\u00f6r att Magdalena Anderssons uttalanden om att S ska bli ett helt nytt parti, ska vara trov\u00e4rdigt inf\u00f6r v\u00e4ljarna i valet n\u00e4sta h\u00f6st.<\/p>\n<p>I riksdagsgruppen finns en rad personer som funnits med l\u00e4nge, till exempel Anders Ygeman, Peter Hultqvist och Morgan Johansson.<\/p>\n<p>N\u00e5gra personer som f\u00e5tt synligare roller p\u00e5 senare \u00e5r \u00e4r Lawen Redar, kulturpolitisk talesperson, och Teresa Carvalho, r\u00e4ttspolitisk talesperson.<\/p>\n","protected":false},"excerpt":{"rendered":"Publicerad 24 sep 2025 kl 13.52Uppdaterad kl 14.03 Socialdemokraterna genomf\u00f6r st\u00f6rre f\u00f6r\u00e4ndringar i partitoppen. De kommer att presenteras&hellip;\n","protected":false},"author":2,"featured_media":38351,"comment_status":"","ping_status":"","sticky":false,"template":"","format":"standard","meta":{"footnotes":""},"categories":[14],"tags":[22,23,26,27,17,21,24,25,28,29,15,16,1458,1207,18,34,583,31,33,32,30,19,152,20,51,52,53,54],"class_list":{"0":"post-38350","1":"post","2":"type-post","3":"status-publish","4":"format-standard","5":"has-post-thumbnail","7":"category-varlden","8":"tag-breaking-news","9":"tag-breakingnews","10":"tag-featured-news","11":"tag-featurednews","12":"tag-headlines","13":"tag-huvudnyheter","14":"tag-latest-news","15":"tag-latestnews","16":"tag-main-news","17":"tag-mainnews","18":"tag-news","19":"tag-nyheter","20":"tag-organization-socialdemokraterna","21":"tag-person-magdalena-andersson","22":"tag-rubriker","23":"tag-se","24":"tag-sections-politik","25":"tag-svenska","26":"tag-sverige","27":"tag-sweden","28":"tag-swedish","29":"tag-top-stories","30":"tag-topic-inrikespolitik","31":"tag-topstories","32":"tag-varlden","33":"tag-world","34":"tag-world-news","35":"tag-worldnews"},"share_on_mastodon":{"url":"","error":""},"_links":{"self":[{"href":"https:\/\/www.europesays.com\/se\/wp-json\/wp\/v2\/posts\/38350","targetHints":{"allow":["GET"]}}],"collection":[{"href":"https:\/\/www.europesays.com\/se\/wp-json\/wp\/v2\/posts"}],"about":[{"href":"https:\/\/www.europesays.com\/se\/wp-json\/wp\/v2\/types\/post"}],"author":[{"embeddable":true,"href":"https:\/\/www.europesays.com\/se\/wp-json\/wp\/v2\/users\/2"}],"replies":[{"embeddable":true,"href":"https:\/\/www.europesays.com\/se\/wp-json\/wp\/v2\/comments?post=38350"}],"version-history":[{"count":0,"href":"https:\/\/www.europesays.com\/se\/wp-json\/wp\/v2\/posts\/38350\/revisions"}],"wp:featuredmedia":[{"embeddable":true,"href":"https:\/\/www.europesays.com\/se\/wp-json\/wp\/v2\/media\/38351"}],"wp:attachment":[{"href":"https:\/\/www.europesays.com\/se\/wp-json\/wp\/v2\/media?parent=38350"}],"wp:term":[{"taxonomy":"category","embeddable":true,"href":"https:\/\/www.europesays.com\/se\/wp-json\/wp\/v2\/categories?post=38350"},{"taxonomy":"post_tag","embeddable":true,"href":"https:\/\/www.europesays.com\/se\/wp-json\/wp\/v2\/tags?post=38350"}],"curies":[{"name":"wp","href":"https:\/\/api.w.org\/{rel}","templated":true}]}}