{"id":38354,"date":"2025-09-24T12:07:18","date_gmt":"2025-09-24T12:07:18","guid":{"rendered":"https:\/\/www.europesays.com\/se\/38354\/"},"modified":"2025-09-24T12:07:18","modified_gmt":"2025-09-24T12:07:18","slug":"kristersson-ryssland-en-dvarg-med-karnvapen-sverige","status":"publish","type":"post","link":"https:\/\/www.europesays.com\/se\/38354\/","title":{"rendered":"Kristersson: Ryssland \u2013 en dv\u00e4rg med k\u00e4rnvapen | Sverige"},"content":{"rendered":"<p>Publicerad 24 sep 2025 kl 13.45Uppdaterad kl 13.51<\/p>\n<p>Statsminister Ulf Kristersson (M) kallar Ryssland f\u00f6r \u201den ekonomisk dv\u00e4rg med k\u00e4rnvapen\u201d och \u00e4ven om han ser positivt p\u00e5 Trumps senaste utspel om Ryssland \u00e4r han inte helt \u00f6vertygad.\u00a0<\/p>\n<p>\u2013 Det \u00e4r handling som r\u00e4knas, s\u00e4ger han i en intervju med <a href=\"https:\/\/www.svd.se\/a\/gw5pwA\/kristersson-om-trumps-utspel-ord-ar-bra\" rel=\"nofollow noopener\" target=\"_blank\">SvD<\/a>.\u00a0<\/p>\n<p>Senaste nyhetsklippen fr\u00e5n Expressen.<img   alt=\"\"\/><\/p>\n<p>Ulf Kristersson kallar Ryssland f\u00f6r en \u201dekonomisk dv\u00e4rg\u201d.<\/p>\n<p>Foto: SVEN LINDWALL<\/p>\n<p>\u00d6ppna bild i helsk\u00e4rm<img loading=\"lazy\"   alt=\"\"\/><\/p>\n<p>Kristersson menar att ekonomin \u00e4r Rysslands stora svaghet.<\/p>\n<p>Foto: PAVEL BEDNYAKOV \/ AP TT NYHETSBYR\u00c5N<\/p>\n<p>\u00d6ppna bild i helsk\u00e4rm<\/p>\n<p>I en intervju med SvD s\u00e4ger Ulf Kristersson att han inte \u00e4r helt \u00f6vertygad efter den amerikanske presidentens utspel om <a href=\"https:\/\/www.expressen.se\/tagg\/location\/ryssland\/\" class=\"\" rel=\"nofollow noopener\" target=\"_blank\">Ryssland<\/a> och Ukraina under tisdagen \u2013 i vilket han skriver att Ukraina har goda m\u00f6jligheter att vinna kriget och ta tillbaka sitt land.\u00a0<\/p>\n<p>\u2013 Sj\u00e4lvklart \u00e4r det bra. Sen \u00e4r min lite mer reserverade h\u00e5llning att ord \u00e4r bra, men det \u00e4r handling som r\u00e4knas. Vi vill d\u00e4rf\u00f6r se att det h\u00e4r \u00e5tf\u00f6ljs av tydliga europeiska och amerikanska sanktioner mot Ryssland, s\u00e4ger han till SvD.\u00a0<\/p>\n<p>Kristersson: \u201dDeras stora svaghet\u201d<\/p>\n<p>I inl\u00e4gget p\u00e5 Truth Social s\u00e5gar Donald Trump den ryska ekonomin och menar att vanliga ryssar kommer som tvingas k\u00f6a f\u00f6rg\u00e4ves vid bensinpumpar kommer att v\u00e4nda sig mot kriget. Han kallar \u00e4ven Ryssland f\u00f6r en \u201dpapperstiger\u201d.\u00a0<\/p>\n<p>Kristersson st\u00e4mmer in i Trumps beskrivning av den ryska ekonomin.\u00a0<\/p>\n<p>\u2013 Hur det p\u00e5verkar Putin? V\u00e4ldigt sv\u00e5rt att s\u00e4ga. Ekonomin \u00e4r deras stora svaghet. Det \u00e4r en ekonomisk dv\u00e4rg med k\u00e4rnvapen. Ju mer vi kan krympa den ekonomin, desto b\u00e4ttre, s\u00e4ger Kristersson till tidningen.\u00a0<\/p>\n<p><strong>L\u00c4S MER: <\/strong><a href=\"https:\/\/www.expressen.se\/nyheter\/varlden\/rysslands-svar-till-trump-finns-inga-pappersbjornar\/\" class=\"\" rel=\"nofollow noopener\" target=\"_blank\">Rysslands svar till Trump: \u201dFinns inga pappersbj\u00f6rnar<\/a><strong>L\u00c4S MER: <\/strong><a href=\"https:\/\/www.expressen.se\/nyheter\/varlden\/svarar-pa-trumps-ukraina-utspel\/\" class=\"\" rel=\"nofollow noopener\" target=\"_blank\">Svarar p\u00e5 Trumps Ukraina-utspel<\/a><\/p>\n","protected":false},"excerpt":{"rendered":"Publicerad 24 sep 2025 kl 13.45Uppdaterad kl 13.51 Statsminister Ulf Kristersson (M) kallar Ryssland f\u00f6r \u201den ekonomisk dv\u00e4rg&hellip;\n","protected":false},"author":2,"featured_media":38355,"comment_status":"","ping_status":"","sticky":false,"template":"","format":"standard","meta":{"footnotes":""},"categories":[5],"tags":[22,23,26,27,17,21,24,25,274,212,28,29,15,16,43,530,18,34,154,31,33,32,30,19,152,60,20],"class_list":{"0":"post-38354","1":"post","2":"type-post","3":"status-publish","4":"format-standard","5":"has-post-thumbnail","7":"category-rubriker","8":"tag-breaking-news","9":"tag-breakingnews","10":"tag-featured-news","11":"tag-featurednews","12":"tag-headlines","13":"tag-huvudnyheter","14":"tag-latest-news","15":"tag-latestnews","16":"tag-location-ryssland","17":"tag-location-sverige","18":"tag-main-news","19":"tag-mainnews","20":"tag-news","21":"tag-nyheter","22":"tag-organization-regeringen","23":"tag-person-ulf-kristersson","24":"tag-rubriker","25":"tag-se","26":"tag-sections-sverige","27":"tag-svenska","28":"tag-sverige","29":"tag-sweden","30":"tag-swedish","31":"tag-top-stories","32":"tag-topic-inrikespolitik","33":"tag-topic-krig-konflikt","34":"tag-topstories"},"share_on_mastodon":{"url":"","error":""},"_links":{"self":[{"href":"https:\/\/www.europesays.com\/se\/wp-json\/wp\/v2\/posts\/38354","targetHints":{"allow":["GET"]}}],"collection":[{"href":"https:\/\/www.europesays.com\/se\/wp-json\/wp\/v2\/posts"}],"about":[{"href":"https:\/\/www.europesays.com\/se\/wp-json\/wp\/v2\/types\/post"}],"author":[{"embeddable":true,"href":"https:\/\/www.europesays.com\/se\/wp-json\/wp\/v2\/users\/2"}],"replies":[{"embeddable":true,"href":"https:\/\/www.europesays.com\/se\/wp-json\/wp\/v2\/comments?post=38354"}],"version-history":[{"count":0,"href":"https:\/\/www.europesays.com\/se\/wp-json\/wp\/v2\/posts\/38354\/revisions"}],"wp:featuredmedia":[{"embeddable":true,"href":"https:\/\/www.europesays.com\/se\/wp-json\/wp\/v2\/media\/38355"}],"wp:attachment":[{"href":"https:\/\/www.europesays.com\/se\/wp-json\/wp\/v2\/media?parent=38354"}],"wp:term":[{"taxonomy":"category","embeddable":true,"href":"https:\/\/www.europesays.com\/se\/wp-json\/wp\/v2\/categories?post=38354"},{"taxonomy":"post_tag","embeddable":true,"href":"https:\/\/www.europesays.com\/se\/wp-json\/wp\/v2\/tags?post=38354"}],"curies":[{"name":"wp","href":"https:\/\/api.w.org\/{rel}","templated":true}]}}