{"id":38373,"date":"2025-09-24T12:21:13","date_gmt":"2025-09-24T12:21:13","guid":{"rendered":"https:\/\/www.europesays.com\/se\/38373\/"},"modified":"2025-09-24T12:21:13","modified_gmt":"2025-09-24T12:21:13","slug":"30-risksupportrar-misstanks-for-100-brott","status":"publish","type":"post","link":"https:\/\/www.europesays.com\/se\/38373\/","title":{"rendered":"30 \u201drisksupportrar\u201d misst\u00e4nks f\u00f6r 100 brott"},"content":{"rendered":"<p>Polisen i G\u00f6teborg har identifierat 30 risksupportrar med kopplingar till grov brottslighet, skriver myndigheten i ett pressmeddelande.<\/p>\n<p>Personerna kan knytas till totalt 100 brottsmisstankar och i flera fall har de kopplingar till kriminella n\u00e4tverk som mc-g\u00e4ng och \u201dv\u00e5ldsbejakande politisk extremism\u201d. Polisen ser nu en stor risk att \u00e4ven unga dras in i brottsligheten. <\/p>\n<p>\u2013 Vi ser s\u00e4rskilt allvarligt p\u00e5 f\u00f6rs\u00f6k att insocialisera unga m\u00e4nniskor i brottslighet. D\u00e4r arbetar vi n\u00e4ra andra myndigheter och kommuner samt skola och socialtj\u00e4nst f\u00f6r att f\u00e5nga upp signaler och f\u00f6rhindra att unga dras in i kriminalitet, s\u00e4ger Emelie Kullmyr, polisomr\u00e5deschef.<\/p>\n<p>Nu trappar polisen upp arbetet och har i en riktad insats redovisat brott som skett i anslutning till fotbollsmatcher. <\/p>\n<p>Omni \u00e4r politiskt obundna och oberoende. Vi str\u00e4var efter att ge fler perspektiv p\u00e5 nyheterna. Har du fr\u00e5gor eller synpunkter kring v\u00e5r rapportering? <a href=\"https:\/\/omni.se\/30-risksupportrar-misstanks-for-100-brott\/a\/mailto:redaktion@omni.se\" class=\"ArticleActions_contactLink__W2F1M\" rel=\"nofollow noopener\" target=\"_blank\">Kontakta redaktionen<\/a><\/p>\n","protected":false},"excerpt":{"rendered":"Polisen i G\u00f6teborg har identifierat 30 risksupportrar med kopplingar till grov brottslighet, skriver myndigheten i ett pressmeddelande. Personerna&hellip;\n","protected":false},"author":2,"featured_media":38374,"comment_status":"","ping_status":"","sticky":false,"template":"","format":"standard","meta":{"footnotes":""},"categories":[14],"tags":[458,22,23,128,26,27,138,1083,17,21,24,25,28,29,15,16,18,34,31,33,32,30,19,20,51,1084,52,53,54],"class_list":{"0":"post-38373","1":"post","2":"type-post","3":"status-publish","4":"format-standard","5":"has-post-thumbnail","7":"category-varlden","8":"tag-allsvenskan-i-fotboll","9":"tag-breaking-news","10":"tag-breakingnews","11":"tag-brott","12":"tag-featured-news","13":"tag-featurednews","14":"tag-fotboll","15":"tag-goteborg","16":"tag-headlines","17":"tag-huvudnyheter","18":"tag-latest-news","19":"tag-latestnews","20":"tag-main-news","21":"tag-mainnews","22":"tag-news","23":"tag-nyheter","24":"tag-rubriker","25":"tag-se","26":"tag-svenska","27":"tag-sverige","28":"tag-sweden","29":"tag-swedish","30":"tag-top-stories","31":"tag-topstories","32":"tag-varlden","33":"tag-vastra-gotalands-lan","34":"tag-world","35":"tag-world-news","36":"tag-worldnews"},"share_on_mastodon":{"url":"","error":""},"_links":{"self":[{"href":"https:\/\/www.europesays.com\/se\/wp-json\/wp\/v2\/posts\/38373","targetHints":{"allow":["GET"]}}],"collection":[{"href":"https:\/\/www.europesays.com\/se\/wp-json\/wp\/v2\/posts"}],"about":[{"href":"https:\/\/www.europesays.com\/se\/wp-json\/wp\/v2\/types\/post"}],"author":[{"embeddable":true,"href":"https:\/\/www.europesays.com\/se\/wp-json\/wp\/v2\/users\/2"}],"replies":[{"embeddable":true,"href":"https:\/\/www.europesays.com\/se\/wp-json\/wp\/v2\/comments?post=38373"}],"version-history":[{"count":0,"href":"https:\/\/www.europesays.com\/se\/wp-json\/wp\/v2\/posts\/38373\/revisions"}],"wp:featuredmedia":[{"embeddable":true,"href":"https:\/\/www.europesays.com\/se\/wp-json\/wp\/v2\/media\/38374"}],"wp:attachment":[{"href":"https:\/\/www.europesays.com\/se\/wp-json\/wp\/v2\/media?parent=38373"}],"wp:term":[{"taxonomy":"category","embeddable":true,"href":"https:\/\/www.europesays.com\/se\/wp-json\/wp\/v2\/categories?post=38373"},{"taxonomy":"post_tag","embeddable":true,"href":"https:\/\/www.europesays.com\/se\/wp-json\/wp\/v2\/tags?post=38373"}],"curies":[{"name":"wp","href":"https:\/\/api.w.org\/{rel}","templated":true}]}}