{"id":38421,"date":"2025-09-24T12:51:10","date_gmt":"2025-09-24T12:51:10","guid":{"rendered":"https:\/\/www.europesays.com\/se\/38421\/"},"modified":"2025-09-24T12:51:10","modified_gmt":"2025-09-24T12:51:10","slug":"paperlike-lanserar-version-3-0-annu-narmare-kanslan-av-papper-pa-ipad","status":"publish","type":"post","link":"https:\/\/www.europesays.com\/se\/38421\/","title":{"rendered":"Paperlike lanserar version 3.0 \u2013 \u00e4nnu n\u00e4rmare k\u00e4nslan av papper p\u00e5 iPad"},"content":{"rendered":"<p>\n          Pressmeddelande &#8211;<br \/>\n24 September 2025 08:57<\/p>\n<p>    Dela<\/p>\n<p>\n          L\u00e4nk kopierad!\n        <\/p>\n<p>          <a class=\"ghost-btn-with-icon svg-stroke\" rel=\"nofollow noopener\" aria-label=\"Ladda ned som PDF\" href=\"https:\/\/www.mynewsdesk.com\/se\/vendora\/pressreleases\/paperlike-lanserar-version-3-punkt-0-aennu-naermare-kaenslan-av-papper-paa-ipad-3404217.pdf\" target=\"_blank\"><\/p>\n<p>            Ladda ner<br \/>\n<\/a>      <\/p>\n<p><strong>Paperlike lanserar version 3.0 av sitt popul\u00e4ra sk\u00e4rmskydd f\u00f6r iPad.<\/strong> Den nya versionen erbjuder f\u00f6rb\u00e4ttrad pappersk\u00e4nsla, enklare installation och \u00e4nnu b\u00e4ttre skydd \u2013 <strong>perfekt f\u00f6r kreat\u00f6rer, studenter och yrkesproffs.<\/strong><\/p>\n<p><img loading=\"lazy\" decoding=\"async\" src=\"https:\/\/www.europesays.com\/se\/wp-content\/uploads\/2025\/09\/kfqn5l0xl2l8lvrs2x3xn9.jpeg\" data-material-id=\"3318117\" data-material-type=\"ImageList\" width=\"825\" height=\"464\"\/><\/p>\n<p><strong>Paperlike\u2122 3 \u00e4r designad f\u00f6r alla iPad-modeller<\/strong> med sk\u00e4rmar fr\u00e5n 8,3 tum upp till 12,9 tum och bygger vidare p\u00e5 succ\u00e9n fr\u00e5n tidigare versioner. Med sin papperslika yta ger sk\u00e4rmskyddet mer exakta skisser, skarpare handstil och en naturlig skrivupplevelse \u2013 utan att kompromissa med sk\u00e4rmens tydlighet.<strong><br \/><\/strong><\/p>\n<p><strong>Med Nanodots\u00ae 2.0<\/strong> blir ytan \u00e4nnu mer lik papper, ger en skarpare bild, mindre reflektion och skyddar b\u00e4ttre \u00e4n n\u00e5gonsin. Paperlike\u2122 3 \u00e4r dessutom upp till <strong>tre g\u00e5nger mer rept\u00e5lig<\/strong> \u2013 vilket f\u00f6rl\u00e4nger livsl\u00e4ngden och g\u00f6r att det nu h\u00e5ller tre g\u00e5nger s\u00e5 l\u00e4nge.<\/p>\n<p><strong><img loading=\"lazy\" decoding=\"async\" src=\"https:\/\/www.europesays.com\/se\/wp-content\/uploads\/2025\/09\/jea12ktb6q072j03cq5hjo.jpeg\" data-material-id=\"3318120\" data-material-type=\"ImageList\" width=\"825\" height=\"464\"\/><\/strong><\/p>\n<p><strong>L\u00e4ttare att montera \u00e4n n\u00e5gonsin. <\/strong>Med <strong>Butterfly Application System<\/strong> blir installationen renare och enklare \u00e4n n\u00e5gonsin. En dammuppsamlare f\u00f6r hela ytan, justeringsverktyg och en interaktiv guide p\u00e5 sk\u00e4rmen g\u00f6r det m\u00f6jligt f\u00f6r alla att f\u00e5 en perfekt finish.<\/p>\n<p><img loading=\"lazy\" decoding=\"async\" src=\"https:\/\/www.europesays.com\/se\/wp-content\/uploads\/2025\/09\/mwp8o81sjorghde4k0lxl8.jpeg\" data-material-id=\"3318121\" data-material-type=\"ImageList\" width=\"825\" height=\"464\"\/><\/p>\n<p><strong>Paperlike\u2122 3 skyddar inte bara sk\u00e4rmen<\/strong> \u2013 den \u00e4r ocks\u00e5 skonsam mot Apple Pencil-spetsar och f\u00f6rl\u00e4nger livsl\u00e4ngden p\u00e5 b\u00e5de penna och iPad.<\/p>\n<p><strong>Viktiga egenskaper<\/strong><\/p>\n<ul>\n<li>\u00c4kta pappersk\u00e4nsla med Nanodots-yta f\u00f6r skarpare skrivning och exakta skisser<\/li>\n<li>Ultraresponsiv Apple Pencil-prestanda med l\u00e5g latens och pixelprecisa linjer<\/li>\n<li>Skyddar b\u00e5de sk\u00e4rmen och Apple Pencil-spetsen mot slitage<\/li>\n<li>Enkel och dammfri installation med Butterfly Application System<\/li>\n<li>Utvecklad i Tyskland, tillverkad i Schweiz \u2013 det p\u00e5litliga originalet<\/li>\n<\/ul>\n<p><strong>I paketet ing\u00e5r<\/strong><\/p>\n<ul>\n<li>Paperlike\u2122 3 sk\u00e4rmskydd f\u00f6r iPad 11\u201d (2025) &amp; iPad 10,9\u201d (2022\u20132024)<\/li>\n<li>Butterfly Application System med dammuppsamlare<\/li>\n<li>Verktyg f\u00f6r uppriktning<\/li>\n<li>\u00c5teranv\u00e4ndbart hj\u00e4lpverktyg<\/li>\n<li>Interaktiv installationsguide p\u00e5 sk\u00e4rmen<\/li>\n<\/ul>\n<p><img loading=\"lazy\" decoding=\"async\" src=\"https:\/\/www.europesays.com\/se\/wp-content\/uploads\/2025\/09\/xx4t2vb1av6k736pc6e96b.jpeg\" data-material-id=\"3318118\" data-material-type=\"ImageList\" width=\"825\" height=\"464\"\/><\/p>\n<p>Paperlike\u2122 3 finns tillg\u00e4nglig p\u00e5 <a href=\"https:\/\/paperlike.se\/sv\" target=\"_blank\" rel=\"nofollow noopener\">Paperlike.se<\/a> med ett ordinarie pris p\u00e5 <a href=\"https:\/\/paperlike.se\/sv\/products\" target=\"_blank\" rel=\"nofollow noopener\">499 kronor<\/a>.<\/p>\n<p><strong>\u00c4r du journalist, youtuber eller influencer och vill testa v\u00e5ra produkter?<\/strong><br \/><strong>Kontakta Joan Bergstr\u00f6m, <a href=\"https:\/\/www.mynewsdesk.com\/se\/vendora\/pressreleases\/mailto:jb@vendora.se\" target=\"_blank\" rel=\"nofollow noopener\">jb@vendora.se<\/a><\/strong><\/p>\n<p><strong>Har du \u00f6vriga fr\u00e5gor kring media och press?<br \/><\/strong><strong>Kontakta Dennis Klarin, pressansvarig. <a href=\"https:\/\/www.mynewsdesk.com\/se\/vendora\/pressreleases\/mailto:dk@vendora.se\" target=\"_blank\" rel=\"nofollow noopener\">dk@vendora.se<\/a><\/strong><\/p>\n","protected":false},"excerpt":{"rendered":"Pressmeddelande &#8211; 24 September 2025 08:57 Dela L\u00e4nk kopierad! Ladda ner Paperlike lanserar version 3.0 av sitt popul\u00e4ra&hellip;\n","protected":false},"author":2,"featured_media":38422,"comment_status":"","ping_status":"","sticky":false,"template":"","format":"standard","meta":{"footnotes":""},"categories":[66],"tags":[391,4044,604,4043,4041,80,78,79,34,4042,31,33,32,30,81,84,83,82],"class_list":{"0":"post-38421","1":"post","2":"type-post","3":"status-publish","4":"format-standard","5":"has-post-thumbnail","7":"category-vetenskap-och-teknik","8":"tag-apple","9":"tag-apple-pencil","10":"tag-ipad","11":"tag-ipad-tillbehor","12":"tag-paperlike","13":"tag-science","14":"tag-science-and-technology","15":"tag-scienceandtechnology","16":"tag-se","17":"tag-skarmskydd","18":"tag-svenska","19":"tag-sverige","20":"tag-sweden","21":"tag-swedish","22":"tag-technology","23":"tag-teknik","24":"tag-vetenskap","25":"tag-vetenskapteknik"},"share_on_mastodon":{"url":"","error":""},"_links":{"self":[{"href":"https:\/\/www.europesays.com\/se\/wp-json\/wp\/v2\/posts\/38421","targetHints":{"allow":["GET"]}}],"collection":[{"href":"https:\/\/www.europesays.com\/se\/wp-json\/wp\/v2\/posts"}],"about":[{"href":"https:\/\/www.europesays.com\/se\/wp-json\/wp\/v2\/types\/post"}],"author":[{"embeddable":true,"href":"https:\/\/www.europesays.com\/se\/wp-json\/wp\/v2\/users\/2"}],"replies":[{"embeddable":true,"href":"https:\/\/www.europesays.com\/se\/wp-json\/wp\/v2\/comments?post=38421"}],"version-history":[{"count":0,"href":"https:\/\/www.europesays.com\/se\/wp-json\/wp\/v2\/posts\/38421\/revisions"}],"wp:featuredmedia":[{"embeddable":true,"href":"https:\/\/www.europesays.com\/se\/wp-json\/wp\/v2\/media\/38422"}],"wp:attachment":[{"href":"https:\/\/www.europesays.com\/se\/wp-json\/wp\/v2\/media?parent=38421"}],"wp:term":[{"taxonomy":"category","embeddable":true,"href":"https:\/\/www.europesays.com\/se\/wp-json\/wp\/v2\/categories?post=38421"},{"taxonomy":"post_tag","embeddable":true,"href":"https:\/\/www.europesays.com\/se\/wp-json\/wp\/v2\/tags?post=38421"}],"curies":[{"name":"wp","href":"https:\/\/api.w.org\/{rel}","templated":true}]}}