{"id":38471,"date":"2025-09-24T13:44:07","date_gmt":"2025-09-24T13:44:07","guid":{"rendered":"https:\/\/www.europesays.com\/se\/38471\/"},"modified":"2025-09-24T13:44:07","modified_gmt":"2025-09-24T13:44:07","slug":"hugo-pettersson-pa-vag-att-lanas-ut-till-hockeyallsvenskan-shl","status":"publish","type":"post","link":"https:\/\/www.europesays.com\/se\/38471\/","title":{"rendered":"Hugo Pettersson p\u00e5 v\u00e4g att l\u00e5nas ut till hockeyallsvenskan | SHL"},"content":{"rendered":"<p>Publicerad 24 sep 2025 kl 14.55Uppdaterad kl 15.06<\/p>\n<p>Hugo Pettersson har hamnat utanf\u00f6r HV71:s trupp senaste tiden.\u00a0<\/p>\n<p>Nu kan ett l\u00e5n till hockeyallsvenskan vara n\u00e4ra. Enligt Expressens uppgifter \u00e4r AIK det hetaste sp\u00e5ret.<\/p>\n<p>\u2013 HV har n\u00e4mnt n\u00e5gra klubbar som \u00e4r intresserade, s\u00e4ger Petterssons agent Peter Werner.<\/p>\n<p><img   alt=\"\"\/> <\/p>\n<p>Foto: MATHIAS BERGELD \/ BILDBYR\u00c5N<\/p>\n<p>\u00d6ppna bild i helsk\u00e4rm<\/p>\n<p>Hugo Pettersson inledde SHL-s\u00e4songen med att spela HV:s f\u00f6rsta tv\u00e5 matcher mot V\u00e4xj\u00f6 och Fr\u00f6lunda. D\u00e4refter har han f\u00f6rpassats till l\u00e4ktaren.\u00a0<\/p>\n<p>En situation som inte \u00e4r \u00f6nskv\u00e4rd fr\u00e5n n\u00e5got h\u00e5ll vilket nu lett till att Petterssons l\u00e4ger ser \u00f6ver en utl\u00e5ning till hockeyallsvenskan.\u00a0<\/p>\n<p>\u2013 Det st\u00e4mmer att vi g\u00e4rna ser att Hugo ska l\u00e5nas ut, och det har vi initierat till <a href=\"https:\/\/www.expressen.se\/tagg\/organization\/hv71\/\" class=\"\" rel=\"nofollow noopener\" target=\"_blank\">HV71<\/a>, bekr\u00e4ftar Peter Werner.<\/p>\n<p><img loading=\"lazy\"   alt=\"\"\/> <\/p>\n<p>Foto: DAVID WRELAND \/ BILDBYR\u00c5N<\/p>\n<p>\u00d6ppna bild i helsk\u00e4rm<\/p>\n<p>Flera allsvenska klubbar har h\u00f6rt sig f\u00f6r om Petterssons tj\u00e4nster men enligt Expressens uppgifter ska AIK vara n\u00e4rmast en l\u00f6sning med HV71, som g\u00e4rna \u00f6nskar att kalla tillbaka Pettersson vid behov.\u00a0<\/p>\n<p>AIK har skador p\u00e5 forwardssidan och spelade HA-premi\u00e4ren utan tre av sina ordinarie forwards.\u00a0<\/p>\n<p>\u2013 Vi \u00f6nskar en utl\u00e5ning s\u00e5 han f\u00e5r spela, och egentligen har vi inte lagt oss i mer \u00e4n det. HV har n\u00e4mnt n\u00e5gra klubbar som \u00e4r intresserade. Sedan hur de l\u00f6ser det \u00e4r upp till HV71, d\u00e5 det \u00e4r HV71 som har kontraktet. Vi kan v\u00e4dja, men de sitter p\u00e5 beslutet, forts\u00e4tter Peter Werner.<\/p>\n<p>F\u00f6rra s\u00e4songen var Hugo Pettersson utl\u00e5nad till Kalmar i 28 matcher. Han producerade d\u00e5 10 m\u00e5l och 9 assist p\u00e5 de starterna.\u00a0<\/p>\n<p>Expressen har varit i kontakt med HV71:s sportchef Bj\u00f6rn Liljander som avb\u00f6jer kommentar.<\/p>\n","protected":false},"excerpt":{"rendered":"Publicerad 24 sep 2025 kl 14.55Uppdaterad kl 15.06 Hugo Pettersson har hamnat utanf\u00f6r HV71:s trupp senaste tiden.\u00a0 Nu&hellip;\n","protected":false},"author":2,"featured_media":38472,"comment_status":"","ping_status":"","sticky":false,"template":"","format":"standard","meta":{"footnotes":""},"categories":[5],"tags":[22,23,26,27,17,21,24,25,28,29,15,16,655,1354,1179,18,34,255,823,31,33,32,30,19,20],"class_list":{"0":"post-38471","1":"post","2":"type-post","3":"status-publish","4":"format-standard","5":"has-post-thumbnail","7":"category-rubriker","8":"tag-breaking-news","9":"tag-breakingnews","10":"tag-featured-news","11":"tag-featurednews","12":"tag-headlines","13":"tag-huvudnyheter","14":"tag-latest-news","15":"tag-latestnews","16":"tag-main-news","17":"tag-mainnews","18":"tag-news","19":"tag-nyheter","20":"tag-organization-aik-hockey","21":"tag-organization-hv71","22":"tag-organization-shl","23":"tag-rubriker","24":"tag-se","25":"tag-sections-ishockey","26":"tag-sections-shl","27":"tag-svenska","28":"tag-sverige","29":"tag-sweden","30":"tag-swedish","31":"tag-top-stories","32":"tag-topstories"},"share_on_mastodon":{"url":"","error":""},"_links":{"self":[{"href":"https:\/\/www.europesays.com\/se\/wp-json\/wp\/v2\/posts\/38471","targetHints":{"allow":["GET"]}}],"collection":[{"href":"https:\/\/www.europesays.com\/se\/wp-json\/wp\/v2\/posts"}],"about":[{"href":"https:\/\/www.europesays.com\/se\/wp-json\/wp\/v2\/types\/post"}],"author":[{"embeddable":true,"href":"https:\/\/www.europesays.com\/se\/wp-json\/wp\/v2\/users\/2"}],"replies":[{"embeddable":true,"href":"https:\/\/www.europesays.com\/se\/wp-json\/wp\/v2\/comments?post=38471"}],"version-history":[{"count":0,"href":"https:\/\/www.europesays.com\/se\/wp-json\/wp\/v2\/posts\/38471\/revisions"}],"wp:featuredmedia":[{"embeddable":true,"href":"https:\/\/www.europesays.com\/se\/wp-json\/wp\/v2\/media\/38472"}],"wp:attachment":[{"href":"https:\/\/www.europesays.com\/se\/wp-json\/wp\/v2\/media?parent=38471"}],"wp:term":[{"taxonomy":"category","embeddable":true,"href":"https:\/\/www.europesays.com\/se\/wp-json\/wp\/v2\/categories?post=38471"},{"taxonomy":"post_tag","embeddable":true,"href":"https:\/\/www.europesays.com\/se\/wp-json\/wp\/v2\/tags?post=38471"}],"curies":[{"name":"wp","href":"https:\/\/api.w.org\/{rel}","templated":true}]}}