{"id":38493,"date":"2025-09-24T14:01:19","date_gmt":"2025-09-24T14:01:19","guid":{"rendered":"https:\/\/www.europesays.com\/se\/38493\/"},"modified":"2025-09-24T14:01:19","modified_gmt":"2025-09-24T14:01:19","slug":"minst-14-doda-efter-tyfon-kina-evakuerar-miljoner","status":"publish","type":"post","link":"https:\/\/www.europesays.com\/se\/38493\/","title":{"rendered":"Minst 14 d\u00f6da efter tyfon \u2013 Kina evakuerar miljoner"},"content":{"rendered":"<p>Minst 14 personer har d\u00f6tt i Taiwan efter att tyfonen Ragasa dragit in \u00f6ver \u00f6n, rapporterar flera medier. Flera byar i regionen Hualien har drabbats av \u00f6versv\u00e4mningar sedan en damm brustit till f\u00f6ljd av det kraftiga regnet.<\/p>\n<p>Mellan m\u00e5ndag och torsdag v\u00e4ntas \u00f6stra Taiwan f\u00e5 mellan 700 och 800 millimeter regn, skriver Bloomberg.<\/p>\n<p>Ov\u00e4dret v\u00e4ntas nu dra in \u00f6ver det kinesiska fastlandet, vilket har lett till att en evakueringsorder som omfattar 1,9 miljoner m\u00e4nniskor utf\u00e4rdats i provinsen Guangdong.<\/p>\n<p>Omni \u00e4r politiskt obundna och oberoende. Vi str\u00e4var efter att ge fler perspektiv p\u00e5 nyheterna. Har du fr\u00e5gor eller synpunkter kring v\u00e5r rapportering? <a href=\"https:\/\/omni.se\/minst-14-doda-efter-tyfon-kina-evakuerar-miljoner\/a\/mailto:redaktion@omni.se\" class=\"ArticleActions_contactLink__W2F1M\" rel=\"nofollow noopener\" target=\"_blank\">Kontakta redaktionen<\/a><\/p>\n","protected":false},"excerpt":{"rendered":"Minst 14 personer har d\u00f6tt i Taiwan efter att tyfonen Ragasa dragit in \u00f6ver \u00f6n, rapporterar flera medier.&hellip;\n","protected":false},"author":2,"featured_media":38494,"comment_status":"","ping_status":"","sticky":false,"template":"","format":"standard","meta":{"footnotes":""},"categories":[5],"tags":[420,22,23,26,27,17,21,549,24,25,28,29,15,16,18,34,31,33,32,30,846,19,20],"class_list":{"0":"post-38493","1":"post","2":"type-post","3":"status-publish","4":"format-standard","5":"has-post-thumbnail","7":"category-rubriker","8":"tag-asien","9":"tag-breaking-news","10":"tag-breakingnews","11":"tag-featured-news","12":"tag-featurednews","13":"tag-headlines","14":"tag-huvudnyheter","15":"tag-kina","16":"tag-latest-news","17":"tag-latestnews","18":"tag-main-news","19":"tag-mainnews","20":"tag-news","21":"tag-nyheter","22":"tag-rubriker","23":"tag-se","24":"tag-svenska","25":"tag-sverige","26":"tag-sweden","27":"tag-swedish","28":"tag-taiwan","29":"tag-top-stories","30":"tag-topstories"},"share_on_mastodon":{"url":"","error":""},"_links":{"self":[{"href":"https:\/\/www.europesays.com\/se\/wp-json\/wp\/v2\/posts\/38493","targetHints":{"allow":["GET"]}}],"collection":[{"href":"https:\/\/www.europesays.com\/se\/wp-json\/wp\/v2\/posts"}],"about":[{"href":"https:\/\/www.europesays.com\/se\/wp-json\/wp\/v2\/types\/post"}],"author":[{"embeddable":true,"href":"https:\/\/www.europesays.com\/se\/wp-json\/wp\/v2\/users\/2"}],"replies":[{"embeddable":true,"href":"https:\/\/www.europesays.com\/se\/wp-json\/wp\/v2\/comments?post=38493"}],"version-history":[{"count":0,"href":"https:\/\/www.europesays.com\/se\/wp-json\/wp\/v2\/posts\/38493\/revisions"}],"wp:featuredmedia":[{"embeddable":true,"href":"https:\/\/www.europesays.com\/se\/wp-json\/wp\/v2\/media\/38494"}],"wp:attachment":[{"href":"https:\/\/www.europesays.com\/se\/wp-json\/wp\/v2\/media?parent=38493"}],"wp:term":[{"taxonomy":"category","embeddable":true,"href":"https:\/\/www.europesays.com\/se\/wp-json\/wp\/v2\/categories?post=38493"},{"taxonomy":"post_tag","embeddable":true,"href":"https:\/\/www.europesays.com\/se\/wp-json\/wp\/v2\/tags?post=38493"}],"curies":[{"name":"wp","href":"https:\/\/api.w.org\/{rel}","templated":true}]}}