{"id":3861,"date":"2025-08-13T14:39:09","date_gmt":"2025-08-13T14:39:09","guid":{"rendered":"https:\/\/www.europesays.com\/se\/3861\/"},"modified":"2025-08-13T14:39:09","modified_gmt":"2025-08-13T14:39:09","slug":"mohannad-15-sprang-mot-maten-i-gaza-krossades","status":"publish","type":"post","link":"https:\/\/www.europesays.com\/se\/3861\/","title":{"rendered":"Mohannad, 15, sprang mot maten i Gaza \u2013 krossades"},"content":{"rendered":"<p>Mohannad f\u00f6rs\u00f6kte r\u00e4dda sin familj undan sv\u00e4lten i Gaza.<\/p>\n<p>Det blev hans d\u00f6d.<\/p>\n<p>Han krossades under hj\u00e4lpen som f\u00f6ll fr\u00e5n himlen.<\/p>\n<p><a href=\"https:\/\/www.expressen.se\/om\/krigets-barn\/\" title=\"Krigets barn\" rel=\"nofollow noopener\" target=\"_blank\"><br \/>\n  <img decoding=\"async\" style=\"max-width:100%;display:block;\" src=\"https:\/\/www.europesays.com\/se\/wp-content\/uploads\/2025\/08\/1920@80.jpg\"\/><br \/>\n<\/a><\/p>\n<p>15-\u00e5rige Mohannad Eid var glad n\u00e4r han i l\u00f6rdags s\u00e5g fallsk\u00e4rmarna singla p\u00e5 himlen. Hj\u00e4lpen fr\u00e5n ovan f\u00f6ll ur de stora milit\u00e4rflygen fr\u00e5n Belgien som lyft fr\u00e5n Jordanien och flugit in \u00f6ver <a href=\"https:\/\/www.expressen.se\/tagg\/location\/gaza\/\" class=\"\" rel=\"nofollow noopener\" target=\"_blank\">Gaza<\/a>. Olja, ris, tomats\u00e5s, makaroner och kanske frysta kycklingar.\u00a0<\/p>\n<p>Liksom hundratals andra m\u00e4nniskor sprang han mot fallsk\u00e4rmarna. I sv\u00e4ltens Gaza uppst\u00e5r kaotiska scener n\u00e4r alla f\u00f6rs\u00f6ker f\u00e5 en bit av den hj\u00e4lp som erbjuds. Den kan vara skillnaden mellan liv och d\u00f6d f\u00f6r framf\u00f6r allt sv\u00e5rt undern\u00e4rda barn.\u00a0<\/p>\n<p><img loading=\"lazy\"   alt=\"\"\/><\/p>\n<p>Pappa Zakaria och mamma Naila tittar p\u00e5 bilder p\u00e5 Mohannad.<\/p>\n<p>Foto: PRIVAT, MOHAMMED KAHLOT<\/p>\n<p>Hans mor d\u00e4remot var orolig n\u00e4r hon fick veta att Mohannad sprungit f\u00f6r att f\u00f6rs\u00f6ka f\u00e5 del av matpaketen.\u00a0<\/p>\n<p>\u2013 Det var f\u00f6rsta g\u00e5ngen han begav sig ut f\u00f6r att h\u00e4mta mat. Under hela kriget har jag varit m\u00e5n om att skydda honom och inte skicka honom n\u00e5gonstans, s\u00e4ger Naila Eid.\u00a0<\/p>\n<p>Kritik mot hj\u00e4lp fr\u00e5n luften<\/p>\n<p>R\u00f6sten b\u00e4r hennes sorg. Mohannad kom aldrig tillbaka. Han l\u00e5g kvar livl\u00f6s p\u00e5 marken efter att ha tr\u00e4ffats i huvudet n\u00e4r den tunga lastpallen i h\u00f6g fart f\u00f6ll mot marken.\u00a0<\/p>\n<p>Metoden med luftburna hj\u00e4lps\u00e4ndningar har kritiserats, men anses \u00e4nd\u00e5 n\u00f6dv\u00e4ndig n\u00e4r annan hj\u00e4lp in till Gaza blockeras. Sedan i mars i \u00e5r r\u00e5der det en total blockad mot Gazaremsan. Israel h\u00e4vdar att Hamas stj\u00e4l hj\u00e4lpen som ska n\u00e5 civila, n\u00e5got som har dementerats av b\u00e5de israeliska medier och av amerikanska bist\u00e5ndsorganisationer som USAID. Det fick l\u00e4nder som Jordanien, F\u00f6renade Arabemiraten och Egypten att sl\u00e4ppa ner maten med fallsk\u00e4rmar till Gazaborna.\u00a0<\/p>\n<p>I en video fr\u00e5n det tillf\u00e4llet visar hur en fallsk\u00e4rm landade rakt \u00f6ver Mohannad. Han ligger or\u00f6rlig p\u00e5 marken. I n\u00e4sta sekvens h\u00e4nger hans livl\u00f6sa kropp i armarna p\u00e5 en kamrat som desperat b\u00e4r i v\u00e4g honom f\u00f6r att f\u00e5 hj\u00e4lp. Men allt \u00e4r f\u00f6r sent.\u00a0<\/p>\n<p>Mohannad \u00e4r den femte i familjen som d\u00f6tt sedan kriget startade. Tre br\u00f6der och en syster har tidigare fallit offer f\u00f6r striderna runt flyktingl\u00e4gret Nuseirat.\u00a0<\/p>\n<p>\u201dHar bara \u00e4tit linser, linser, linser\u201d<\/p>\n<p>F\u00f6r Naila Eid har livet f\u00f6rvandlats till en m\u00f6rk v\u00e4g kantad av sorger. I slutet ser hon inte l\u00e4ngre n\u00e5got ljus, men livet m\u00e5ste \u00e4nd\u00e5 levas. De yngre syskonen m\u00e5ste ha mat.\u00a0<\/p>\n<p>Det var d\u00e4rf\u00f6r Mohannad offrade livet.\u00a0<\/p>\n<p>\u2013 Vi m\u00e5ste \u00e4ta. Kanske kunde vi f\u00e5 tag p\u00e5 ett kilo mj\u00f6l, pasta eller tomats\u00e5s. I tv\u00e5 m\u00e5nader nu har jag bara \u00e4tit linser, linser, linser \u2013 och ibland blir jag helt utan mat.\u00a0<\/p>\n<p><img loading=\"lazy\"   alt=\"\"\/><\/p>\n<p>Storebror tar farv\u00e4l av Mohannad.<\/p>\n<p>Foto: MOHAMMED KAHLOT<\/p>\n<p><img loading=\"lazy\"   alt=\"\"\/><\/p>\n<p>Mohannad \u00e4r den femte i familjen som d\u00f6tt sedan kriget startade.<\/p>\n<p>Foto: MOHAMMED KAHLOT<\/p>\n<p>Fler \u00e4n 220 m\u00e4nniskor varav 100 barn har d\u00f6tt av sv\u00e4lt senaste tiden, enligt h\u00e4lsomyndigheten i Gaza. Uppgifterna om sv\u00e4lt och sv\u00e5r undern\u00e4rdhet bekr\u00e4ftas av de internationella hj\u00e4lporganisationerna p\u00e5 plats. Enligt FN \u00e4r 30 procent av Gazas barn akut undern\u00e4rda.\u00a0<\/p>\n<p>\u2013 De kastade den h\u00e4r hela lastpallen, som \u00e4r i storlek med ett hus, p\u00e5 min sons huvud. \u00a0Han krossades. Kastar ni dessa hj\u00e4lps\u00e4ndningar fr\u00e5n luften f\u00f6r att m\u00e4tta m\u00e4nniskor eller f\u00f6r att d\u00f6da dem? fr\u00e5gar Naila Eid.\u00a0<\/p>\n","protected":false},"excerpt":{"rendered":"Mohannad f\u00f6rs\u00f6kte r\u00e4dda sin familj undan sv\u00e4lten i Gaza. Det blev hans d\u00f6d. Han krossades under hj\u00e4lpen som&hellip;\n","protected":false},"author":2,"featured_media":3862,"comment_status":"","ping_status":"","sticky":false,"template":"","format":"standard","meta":{"footnotes":""},"categories":[5],"tags":[22,23,26,27,17,21,24,25,56,28,29,15,751,16,18,34,55,31,33,32,30,19,60,20],"class_list":{"0":"post-3861","1":"post","2":"type-post","3":"status-publish","4":"format-standard","5":"has-post-thumbnail","7":"category-rubriker","8":"tag-breaking-news","9":"tag-breakingnews","10":"tag-featured-news","11":"tag-featurednews","12":"tag-headlines","13":"tag-huvudnyheter","14":"tag-latest-news","15":"tag-latestnews","16":"tag-location-gaza","17":"tag-main-news","18":"tag-mainnews","19":"tag-news","20":"tag-newsstory-krigets-barn","21":"tag-nyheter","22":"tag-rubriker","23":"tag-se","24":"tag-sections-varlden","25":"tag-svenska","26":"tag-sverige","27":"tag-sweden","28":"tag-swedish","29":"tag-top-stories","30":"tag-topic-krig-konflikt","31":"tag-topstories"},"share_on_mastodon":{"url":"","error":""},"_links":{"self":[{"href":"https:\/\/www.europesays.com\/se\/wp-json\/wp\/v2\/posts\/3861","targetHints":{"allow":["GET"]}}],"collection":[{"href":"https:\/\/www.europesays.com\/se\/wp-json\/wp\/v2\/posts"}],"about":[{"href":"https:\/\/www.europesays.com\/se\/wp-json\/wp\/v2\/types\/post"}],"author":[{"embeddable":true,"href":"https:\/\/www.europesays.com\/se\/wp-json\/wp\/v2\/users\/2"}],"replies":[{"embeddable":true,"href":"https:\/\/www.europesays.com\/se\/wp-json\/wp\/v2\/comments?post=3861"}],"version-history":[{"count":0,"href":"https:\/\/www.europesays.com\/se\/wp-json\/wp\/v2\/posts\/3861\/revisions"}],"wp:featuredmedia":[{"embeddable":true,"href":"https:\/\/www.europesays.com\/se\/wp-json\/wp\/v2\/media\/3862"}],"wp:attachment":[{"href":"https:\/\/www.europesays.com\/se\/wp-json\/wp\/v2\/media?parent=3861"}],"wp:term":[{"taxonomy":"category","embeddable":true,"href":"https:\/\/www.europesays.com\/se\/wp-json\/wp\/v2\/categories?post=3861"},{"taxonomy":"post_tag","embeddable":true,"href":"https:\/\/www.europesays.com\/se\/wp-json\/wp\/v2\/tags?post=3861"}],"curies":[{"name":"wp","href":"https:\/\/api.w.org\/{rel}","templated":true}]}}