{"id":38620,"date":"2025-09-24T17:10:12","date_gmt":"2025-09-24T17:10:12","guid":{"rendered":"https:\/\/www.europesays.com\/se\/38620\/"},"modified":"2025-09-24T17:10:12","modified_gmt":"2025-09-24T17:10:12","slug":"panasonic-lumix-s-100-500-mm-f-5-7-1-ois-lang-telezoom-med-l-mount","status":"publish","type":"post","link":"https:\/\/www.europesays.com\/se\/38620\/","title":{"rendered":"Panasonic Lumix S 100-500 mm f\/5-7.1 OIS \u2013 l\u00e5ng telezoom med L-mount"},"content":{"rendered":"<p>                          Prylnytt<\/p>\n<p class=\"articleingress\">Panasonic lanserar en l\u00e5ng telezoom f\u00f6r natur- och sportfoto: Lumix S 100-500 mm f\/5-7.1 OIS.<\/p>\n<p><strong>Panasonic Lumix S 100-500 mm f\/5-7.1 OIS<\/strong> v\u00e4ger 1 285 gram utan motljusskydd och stativf\u00e4ste. L\u00e4ngden \u00e4r 196 mm.<\/p>\n<p>Den optiska konstruktionen best\u00e5r av 19 linser, varav 2 i UD-glas, 2 i ED-glas och 2 i UHR-glas. Bl\u00e4ndaren har 11 blad och n\u00e4rgr\u00e4nsenv varierar mellan 0,8 och 1,5 meter. F\u00f6rstoringsgrafen 0,36 g\u00e5nger vid 500 mm. Filterdiametern 82 mm.<\/p>\n<p>Bildstabiliseringen ger 7 stegs skakd\u00e4mpande effekt. Objektivet kan anv\u00e4ndas med 1,4x och 2x telekonverter.<\/p>\n<p>Det rekommenderade priset \u00e4r 24 990 kronor inklusive moms.<\/p>\n<p>      \t\t\t<img decoding=\"async\" src=\"https:\/\/www.europesays.com\/se\/wp-content\/uploads\/2025\/08\/f2117752c045dc283223ad728e8d8f03.jpg\" border=\"0\" alt=\"\"\/>\t\t\t\t<\/p>\n<p>Publicerad 2025-09-24. <\/p>\n","protected":false},"excerpt":{"rendered":"Prylnytt Panasonic lanserar en l\u00e5ng telezoom f\u00f6r natur- och sportfoto: Lumix S 100-500 mm f\/5-7.1 OIS. Panasonic Lumix&hellip;\n","protected":false},"author":2,"featured_media":38621,"comment_status":"","ping_status":"","sticky":false,"template":"","format":"standard","meta":{"footnotes":""},"categories":[66],"tags":[1265,4062,1266,4063,1172,80,78,79,34,31,33,32,30,81,84,83,82],"class_list":{"0":"post-38620","1":"post","2":"type-post","3":"status-publish","4":"format-standard","5":"has-post-thumbnail","7":"category-vetenskap-och-teknik","8":"tag-l-mount","9":"tag-lumix","10":"tag-objektiv","11":"tag-panasonic","12":"tag-proffsfoto","13":"tag-science","14":"tag-science-and-technology","15":"tag-scienceandtechnology","16":"tag-se","17":"tag-svenska","18":"tag-sverige","19":"tag-sweden","20":"tag-swedish","21":"tag-technology","22":"tag-teknik","23":"tag-vetenskap","24":"tag-vetenskapteknik"},"share_on_mastodon":{"url":"","error":""},"_links":{"self":[{"href":"https:\/\/www.europesays.com\/se\/wp-json\/wp\/v2\/posts\/38620","targetHints":{"allow":["GET"]}}],"collection":[{"href":"https:\/\/www.europesays.com\/se\/wp-json\/wp\/v2\/posts"}],"about":[{"href":"https:\/\/www.europesays.com\/se\/wp-json\/wp\/v2\/types\/post"}],"author":[{"embeddable":true,"href":"https:\/\/www.europesays.com\/se\/wp-json\/wp\/v2\/users\/2"}],"replies":[{"embeddable":true,"href":"https:\/\/www.europesays.com\/se\/wp-json\/wp\/v2\/comments?post=38620"}],"version-history":[{"count":0,"href":"https:\/\/www.europesays.com\/se\/wp-json\/wp\/v2\/posts\/38620\/revisions"}],"wp:featuredmedia":[{"embeddable":true,"href":"https:\/\/www.europesays.com\/se\/wp-json\/wp\/v2\/media\/38621"}],"wp:attachment":[{"href":"https:\/\/www.europesays.com\/se\/wp-json\/wp\/v2\/media?parent=38620"}],"wp:term":[{"taxonomy":"category","embeddable":true,"href":"https:\/\/www.europesays.com\/se\/wp-json\/wp\/v2\/categories?post=38620"},{"taxonomy":"post_tag","embeddable":true,"href":"https:\/\/www.europesays.com\/se\/wp-json\/wp\/v2\/tags?post=38620"}],"curies":[{"name":"wp","href":"https:\/\/api.w.org\/{rel}","templated":true}]}}