{"id":38740,"date":"2025-09-24T19:52:11","date_gmt":"2025-09-24T19:52:11","guid":{"rendered":"https:\/\/www.europesays.com\/se\/38740\/"},"modified":"2025-09-24T19:52:11","modified_gmt":"2025-09-24T19:52:11","slug":"man-fick-halv-625-000-avmisstag-kopte-smycken","status":"publish","type":"post","link":"https:\/\/www.europesays.com\/se\/38740\/","title":{"rendered":"Man fick halv 625 000 av\nmisstag \u2013 k\u00f6pte smycken"},"content":{"rendered":"<p>Publicerad 24 sep 2025 kl 15.50Uppdaterad kl 16.16<\/p>\n<p>En man fick helt pl\u00f6tsligt en dryg halv miljon insatt p\u00e5 sitt konto.\u00a0<\/p>\n<p>Pengarna satte han snabbt spr\u00e4tt p\u00e5.<\/p>\n<p>Nu d\u00f6ms han i G\u00f6teborgs tingsr\u00e4tt f\u00f6r ett grovt brott.\u00a0<\/p>\n<p><img   alt=\"\"\/><\/p>\n<p>En man d\u00f6ms efter att han handlat f\u00f6r pengar som inte varit hans.<\/p>\n<p>Foto: Martina Holmberg \/ FOTOGRAFERNA HOLMBERG TT NYHETSBYR\u00c5N<\/p>\n<p>\u00d6ppna bild i helsk\u00e4rm<\/p>\n<p>Mannen fr\u00e5n G\u00f6teborg fick under slutet av 2023 en drygt halv miljon inbetald av ett livsmedelsbolag. De 625 000 kronorna kom i tv\u00e5 olika omg\u00e5ngar och hade hamnat hos honom av misstag.\u00a0<\/p>\n<p>I f\u00f6rh\u00f6r uppger han att han \u201dblev glad\u201d n\u00e4r det fanns s\u00e5 mycket pengar p\u00e5 hans tidigare tomma konto. Pengarna satte han snabbt spr\u00e4tt p\u00e5 och ber\u00e4ttar att han k\u00f6pte klockor och guldsmycken. Tv\u00e5 m\u00e5nader efter den f\u00f6rsta ins\u00e4ttningen var pengarna spenderade.\u00a0<\/p>\n<p>Artikeln i korthet<\/p>\n<p> Fick 625 000 kronor av misstag \u2013 spenderade allt p\u00e5 klockor och smycken.<\/p>\n<p> Trodde pengarna var en vinst.<\/p>\n<p> D\u00f6ms nu f\u00f6r grovt brott och m\u00e5ste betala tillbaka hela summan.<\/p>\n<p>Visa mer<\/p>\n<p>Mannen menar att han t\u00e4nkte att f\u00f6retaget inte hade satt \u00f6ver pengarna utan n\u00e5gon anledning och att han m\u00e5ste ha vunnit n\u00e5gon t\u00e4vling.\u00a0<\/p>\n<p>D\u00f6ms f\u00f6r grovt brott<\/p>\n<p>Han d\u00f6ms nu i <a href=\"https:\/\/www.expressen.se\/tagg\/organization\/goteborgs-tingsratt\/\" class=\"\" rel=\"nofollow noopener\" target=\"_blank\">G\u00f6teborgs tingsr\u00e4tt<\/a> f\u00f6r grovt olovligt f\u00f6rfogande med skyddstillsyn som straff.\u00a0<\/p>\n<p>Mannen fr\u00e5n G\u00f6teborg ska \u00e4ven betala skadest\u00e5nd \u2013 vilket \u00e4r de 625 000 kronorna som magiskt d\u00f6k upp p\u00e5 hans konto. Skadest\u00e5ndet \u00e4r \u00e4ven erlagt med r\u00e4nta.\u00a0<\/p>\n<p>De utbetalda pengarna skulle egentligen ha hamnat hos en konsult till livsmedelsbolaget men hamnade hos G\u00f6teborgaren p\u00e5 grund av en felskrivning.\u00a0<\/p>\n","protected":false},"excerpt":{"rendered":"Publicerad 24 sep 2025 kl 15.50Uppdaterad kl 16.16 En man fick helt pl\u00f6tsligt en dryg halv miljon insatt&hellip;\n","protected":false},"author":2,"featured_media":38741,"comment_status":"","ping_status":"","sticky":false,"template":"","format":"standard","meta":{"footnotes":""},"categories":[14],"tags":[22,23,26,27,17,21,24,25,28,29,15,16,3836,18,34,154,31,33,32,30,19,20,51,52,53,54],"class_list":{"0":"post-38740","1":"post","2":"type-post","3":"status-publish","4":"format-standard","5":"has-post-thumbnail","7":"category-varlden","8":"tag-breaking-news","9":"tag-breakingnews","10":"tag-featured-news","11":"tag-featurednews","12":"tag-headlines","13":"tag-huvudnyheter","14":"tag-latest-news","15":"tag-latestnews","16":"tag-main-news","17":"tag-mainnews","18":"tag-news","19":"tag-nyheter","20":"tag-organization-goteborgs-tingsratt","21":"tag-rubriker","22":"tag-se","23":"tag-sections-sverige","24":"tag-svenska","25":"tag-sverige","26":"tag-sweden","27":"tag-swedish","28":"tag-top-stories","29":"tag-topstories","30":"tag-varlden","31":"tag-world","32":"tag-world-news","33":"tag-worldnews"},"share_on_mastodon":{"url":"","error":""},"_links":{"self":[{"href":"https:\/\/www.europesays.com\/se\/wp-json\/wp\/v2\/posts\/38740","targetHints":{"allow":["GET"]}}],"collection":[{"href":"https:\/\/www.europesays.com\/se\/wp-json\/wp\/v2\/posts"}],"about":[{"href":"https:\/\/www.europesays.com\/se\/wp-json\/wp\/v2\/types\/post"}],"author":[{"embeddable":true,"href":"https:\/\/www.europesays.com\/se\/wp-json\/wp\/v2\/users\/2"}],"replies":[{"embeddable":true,"href":"https:\/\/www.europesays.com\/se\/wp-json\/wp\/v2\/comments?post=38740"}],"version-history":[{"count":0,"href":"https:\/\/www.europesays.com\/se\/wp-json\/wp\/v2\/posts\/38740\/revisions"}],"wp:featuredmedia":[{"embeddable":true,"href":"https:\/\/www.europesays.com\/se\/wp-json\/wp\/v2\/media\/38741"}],"wp:attachment":[{"href":"https:\/\/www.europesays.com\/se\/wp-json\/wp\/v2\/media?parent=38740"}],"wp:term":[{"taxonomy":"category","embeddable":true,"href":"https:\/\/www.europesays.com\/se\/wp-json\/wp\/v2\/categories?post=38740"},{"taxonomy":"post_tag","embeddable":true,"href":"https:\/\/www.europesays.com\/se\/wp-json\/wp\/v2\/tags?post=38740"}],"curies":[{"name":"wp","href":"https:\/\/api.w.org\/{rel}","templated":true}]}}