{"id":38790,"date":"2025-09-24T20:49:08","date_gmt":"2025-09-24T20:49:08","guid":{"rendered":"https:\/\/www.europesays.com\/se\/38790\/"},"modified":"2025-09-24T20:49:08","modified_gmt":"2025-09-24T20:49:08","slug":"svenska-anti-dronarsystem-kan-inte-skjuta-ner-dronare","status":"publish","type":"post","link":"https:\/\/www.europesays.com\/se\/38790\/","title":{"rendered":"Svenska anti-dr\u00f6narsystem kan inte skjuta ner dr\u00f6nare"},"content":{"rendered":"<p>Anti-dr\u00f6narsystem p\u00e5 svenska flygplatser har inga system f\u00f6r att skjuta ner dr\u00f6nare. Det s\u00e4ger Hans Liw\u00e5ng som \u00e4r professor p\u00e5 F\u00f6rsvarsh\u00f6gskolan till P4 G\u00f6teborg. <\/p>\n<p>Han s\u00e4ger att dess funktion fr\u00e4mst \u00e4r att uppt\u00e4cka dr\u00f6nare, deras storlek och var de kommer ifr\u00e5n. <\/p>\n<p>Men att faktiskt stoppa dr\u00f6nare utan att riskera medborgares liv \u00e4r n\u00e4stan om\u00f6jligt, menar han.<\/p>\n<p>Statsminister Ulf Kristersson (M) har flera g\u00e5nger upprepat att flygplatser i Sverige \u00e4r utrustade med anti-dr\u00f6narsystem. Det efter h\u00e4ndelsen med dr\u00f6nare som hovrade \u00f6ver K\u00f6penhamns flygplats under m\u00e5ndagskv\u00e4llen.<\/p>\n<p>Omni \u00e4r politiskt obundna och oberoende. Vi str\u00e4var efter att ge fler perspektiv p\u00e5 nyheterna. Har du fr\u00e5gor eller synpunkter kring v\u00e5r rapportering? <a href=\"https:\/\/omni.se\/expert-svenska-anti-dronarsystem-kan-inte-skjuta-ner-dronare\/a\/mailto:redaktion@omni.se\" class=\"ArticleActions_contactLink__W2F1M\" rel=\"nofollow noopener\" target=\"_blank\">Kontakta redaktionen<\/a><\/p>\n","protected":false},"excerpt":{"rendered":"Anti-dr\u00f6narsystem p\u00e5 svenska flygplatser har inga system f\u00f6r att skjuta ner dr\u00f6nare. Det s\u00e4ger Hans Liw\u00e5ng som \u00e4r&hellip;\n","protected":false},"author":2,"featured_media":38791,"comment_status":"","ping_status":"","sticky":false,"template":"","format":"standard","meta":{"footnotes":""},"categories":[12],"tags":[22,23,1205,26,27,4077,3925,17,21,24,25,28,29,15,16,18,34,31,33,32,30,19,20,1111],"class_list":{"0":"post-38790","1":"post","2":"type-post","3":"status-publish","4":"format-standard","5":"has-post-thumbnail","7":"category-sverige","8":"tag-breaking-news","9":"tag-breakingnews","10":"tag-danmark","11":"tag-featured-news","12":"tag-featurednews","13":"tag-forsvarshogskolan","14":"tag-forsvarspolitik","15":"tag-headlines","16":"tag-huvudnyheter","17":"tag-latest-news","18":"tag-latestnews","19":"tag-main-news","20":"tag-mainnews","21":"tag-news","22":"tag-nyheter","23":"tag-rubriker","24":"tag-se","25":"tag-svenska","26":"tag-sverige","27":"tag-sweden","28":"tag-swedish","29":"tag-top-stories","30":"tag-topstories","31":"tag-ulf-kristersson"},"share_on_mastodon":{"url":"","error":""},"_links":{"self":[{"href":"https:\/\/www.europesays.com\/se\/wp-json\/wp\/v2\/posts\/38790","targetHints":{"allow":["GET"]}}],"collection":[{"href":"https:\/\/www.europesays.com\/se\/wp-json\/wp\/v2\/posts"}],"about":[{"href":"https:\/\/www.europesays.com\/se\/wp-json\/wp\/v2\/types\/post"}],"author":[{"embeddable":true,"href":"https:\/\/www.europesays.com\/se\/wp-json\/wp\/v2\/users\/2"}],"replies":[{"embeddable":true,"href":"https:\/\/www.europesays.com\/se\/wp-json\/wp\/v2\/comments?post=38790"}],"version-history":[{"count":0,"href":"https:\/\/www.europesays.com\/se\/wp-json\/wp\/v2\/posts\/38790\/revisions"}],"wp:featuredmedia":[{"embeddable":true,"href":"https:\/\/www.europesays.com\/se\/wp-json\/wp\/v2\/media\/38791"}],"wp:attachment":[{"href":"https:\/\/www.europesays.com\/se\/wp-json\/wp\/v2\/media?parent=38790"}],"wp:term":[{"taxonomy":"category","embeddable":true,"href":"https:\/\/www.europesays.com\/se\/wp-json\/wp\/v2\/categories?post=38790"},{"taxonomy":"post_tag","embeddable":true,"href":"https:\/\/www.europesays.com\/se\/wp-json\/wp\/v2\/tags?post=38790"}],"curies":[{"name":"wp","href":"https:\/\/api.w.org\/{rel}","templated":true}]}}