{"id":38806,"date":"2025-09-24T21:05:47","date_gmt":"2025-09-24T21:05:47","guid":{"rendered":"https:\/\/www.europesays.com\/se\/38806\/"},"modified":"2025-09-24T21:05:47","modified_gmt":"2025-09-24T21:05:47","slug":"storbrand-pa-skrot-i-agnesberg-i-goteborg-vma-utfardat","status":"publish","type":"post","link":"https:\/\/www.europesays.com\/se\/38806\/","title":{"rendered":"Storbrand p\u00e5 skrot i Agnesberg i G\u00f6teborg \u2013 VMA utf\u00e4rdat"},"content":{"rendered":"<p>Publicerad 23 sep 2025 kl 06.21Uppdaterad kl 08.46<\/p>\n<p>Det har brunnit p\u00e5 en skrotanl\u00e4ggning i G\u00f6teborg hela natten.<\/p>\n<p>Nu ligger en tjock dimma \u00f6ver hela stan.<\/p>\n<p>\u2013 Det \u00e4r allsk\u00f6ns br\u00f6te som ligger i en stor h\u00f6g, s\u00e4ger Micael Olsson vid r\u00e4ddningstj\u00e4nsten.\u00a0<\/p>\n<p>Ett VMA har utf\u00e4rdats.\u00a0<\/p>\n<p><img   alt=\"\"\/><\/p>\n<p>En stor brand rasar p\u00e5 en \u00e5tervinningscentral i Agnesberg.<\/p>\n<p>Foto: Adam Ihse\/TT \/ TT NYHETSBYR\u00c5N \/ Adam Ihse<\/p>\n<p>\u00d6ppna bild i helsk\u00e4rm<img loading=\"lazy\"   alt=\"\"\/><\/p>\n<p>Larmet kom vid 19-tiden p\u00e5 m\u00e5ndagskv\u00e4llen.<\/p>\n<p>Foto: Adam Ihse\/TT \/ TT NYHETSBYR\u00c5N \/ Adam Ihse<\/p>\n<p>\u00d6ppna bild i helsk\u00e4rm<\/p>\n<p>Branden p\u00e5 en \u00e5tervinningscentral i <a href=\"https:\/\/www.expressen.se\/tagg\/location\/angered\/\" class=\"\" rel=\"nofollow noopener\" target=\"_blank\">Angered<\/a> i nord\u00f6stra G\u00f6teborg br\u00f6t ut redan vid 19.30-tiden p\u00e5 m\u00e5ndagen.\u00a0<\/p>\n<p>R\u00e4ddningstj\u00e4nsten r\u00e4knar med att sl\u00e4ckningsarbetet kommer dra ut p\u00e5 tiden.\u00a0<\/p>\n<p>\u2013 Att det \u00e4r metall g\u00f6r det sv\u00e5rsl\u00e4ckt. Det \u00e4r allsk\u00f6ns br\u00f6te som ligger i en stor h\u00f6g. Det g\u00e5r inte att komma \u00e5t det eller dela p\u00e5 det med maskiner f\u00f6r det blir s\u00e5 kompakt, s\u00e4ger Micael Olsson, larm- och ledningsoperat\u00f6r vid r\u00e4ddningstj\u00e4nsten.\u00a0<\/p>\n<p>Den kraftiga r\u00f6kutvecklingen har spridit sig till stora delar av G\u00f6teborg.\u00a0<\/p>\n<p>\u2013 R\u00f6ken sticker i n\u00e4san, s\u00e4ger Micael Olsson.\u00a0<\/p>\n<p>Tidigt p\u00e5 tisdagsmorgonen gick r\u00e4ddningstj\u00e4nsten ut med ett VMA till allm\u00e4nheten i G\u00f6teborg, d\u00e4r boende i omr\u00e5det uppmanas h\u00e5lla sig inne och st\u00e4nga d\u00f6rrar och f\u00f6nster p\u00e5 grund av r\u00f6ken.\u00a0<\/p>\n<p>\u2013 Hela stan kan ju inte l\u00e5ta bli att g\u00e5 till jobbet, men kan man stanna inne ska man g\u00f6ra det, s\u00e4ger Micael Olsson.\u00a0<\/p>\n","protected":false},"excerpt":{"rendered":"Publicerad 23 sep 2025 kl 06.21Uppdaterad kl 08.46 Det har brunnit p\u00e5 en skrotanl\u00e4ggning i G\u00f6teborg hela natten.&hellip;\n","protected":false},"author":2,"featured_media":38807,"comment_status":"","ping_status":"","sticky":false,"template":"","format":"standard","meta":{"footnotes":""},"categories":[12],"tags":[22,23,26,27,17,21,24,25,4078,239,28,29,15,16,18,34,154,31,33,32,30,19,1619,20],"class_list":{"0":"post-38806","1":"post","2":"type-post","3":"status-publish","4":"format-standard","5":"has-post-thumbnail","7":"category-sverige","8":"tag-breaking-news","9":"tag-breakingnews","10":"tag-featured-news","11":"tag-featurednews","12":"tag-headlines","13":"tag-huvudnyheter","14":"tag-latest-news","15":"tag-latestnews","16":"tag-location-angered","17":"tag-location-goteborg","18":"tag-main-news","19":"tag-mainnews","20":"tag-news","21":"tag-nyheter","22":"tag-rubriker","23":"tag-se","24":"tag-sections-sverige","25":"tag-svenska","26":"tag-sverige","27":"tag-sweden","28":"tag-swedish","29":"tag-top-stories","30":"tag-topic-brand-explosion","31":"tag-topstories"},"share_on_mastodon":{"url":"","error":""},"_links":{"self":[{"href":"https:\/\/www.europesays.com\/se\/wp-json\/wp\/v2\/posts\/38806","targetHints":{"allow":["GET"]}}],"collection":[{"href":"https:\/\/www.europesays.com\/se\/wp-json\/wp\/v2\/posts"}],"about":[{"href":"https:\/\/www.europesays.com\/se\/wp-json\/wp\/v2\/types\/post"}],"author":[{"embeddable":true,"href":"https:\/\/www.europesays.com\/se\/wp-json\/wp\/v2\/users\/2"}],"replies":[{"embeddable":true,"href":"https:\/\/www.europesays.com\/se\/wp-json\/wp\/v2\/comments?post=38806"}],"version-history":[{"count":0,"href":"https:\/\/www.europesays.com\/se\/wp-json\/wp\/v2\/posts\/38806\/revisions"}],"wp:featuredmedia":[{"embeddable":true,"href":"https:\/\/www.europesays.com\/se\/wp-json\/wp\/v2\/media\/38807"}],"wp:attachment":[{"href":"https:\/\/www.europesays.com\/se\/wp-json\/wp\/v2\/media?parent=38806"}],"wp:term":[{"taxonomy":"category","embeddable":true,"href":"https:\/\/www.europesays.com\/se\/wp-json\/wp\/v2\/categories?post=38806"},{"taxonomy":"post_tag","embeddable":true,"href":"https:\/\/www.europesays.com\/se\/wp-json\/wp\/v2\/tags?post=38806"}],"curies":[{"name":"wp","href":"https:\/\/api.w.org\/{rel}","templated":true}]}}