{"id":38881,"date":"2025-09-24T23:07:10","date_gmt":"2025-09-24T23:07:10","guid":{"rendered":"https:\/\/www.europesays.com\/se\/38881\/"},"modified":"2025-09-24T23:07:10","modified_gmt":"2025-09-24T23:07:10","slug":"zelenskyj-i-fn-gud-raddade-trump","status":"publish","type":"post","link":"https:\/\/www.europesays.com\/se\/38881\/","title":{"rendered":"Zelenskyj i FN: Gud r\u00e4ddade Trump"},"content":{"rendered":"<p>Zelenskyj varnar f\u00f6r Putins krigsplaner i sitt tal i FN.<\/p>\n<p>Dessutom s\u00e4ger att han att Trump har skydd fr\u00e5n ovan.\u00a0<\/p>\n<p>\u2013 Gud r\u00e4ddade honom, s\u00e4ger den ukrainske presidenten.<\/p>\n<p>Trumps drag i knarkkriget: \u201dS\u00e4nkte den\u201d<img loading=\"lazy\"   alt=\"\"\/><\/p>\n<p>Zelenskyj i FN.<\/p>\n<p>Foto: LEV RADIN \/ STELLA PICTURES\/ZUMA PRESS ZUMA PRESS<\/p>\n<p>\u00d6ppna bild i helsk\u00e4rm<img loading=\"lazy\"   alt=\"\"\/><\/p>\n<p>Zelenskyj och Trump.<\/p>\n<p>Foto: POLARIS \/ POLARIS POLARIS IMAGES<\/p>\n<p>\u00d6ppna bild i helsk\u00e4rm<\/p>\n<p>Volodymyr Zelenskyj h\u00f6ll under onsdagen ett tal under FN:s generalf\u00f6rsamling i New York. Sedan katastrofm\u00f6tet i Vita huset tidigare i \u00e5r har den ukrainske presidenten anstr\u00e4ngt sig f\u00f6r att f\u00e5 den amerikanske presidenten p\u00e5 sin sida.<\/p>\n<p>Under talet fortsatte smickret och Zelenskyj menade att Trump st\u00e5r under beskydd av Gud.<\/p>\n<p>\u2013 I g\u00e5r stod president Trump h\u00e4r i denna sal, och Gud r\u00e4ddade honom fr\u00e5n ett mordf\u00f6rs\u00f6k under valkampanjen. Ett skott avlossades fr\u00e5n ett gev\u00e4r och bara en br\u00e5kdel av en tum r\u00e4ddade hans liv, sa Zelenskyj under talet och syftade p\u00e5 mordf\u00f6rs\u00f6ket mot Trump f\u00f6rra sommaren.<\/p>\n<p>Han n\u00e4mnde ocks\u00e5 mordet p\u00e5 den amerikanske h\u00f6gerprofilen Charlie Kirk och dennes begravning.<\/p>\n<p>Varnade f\u00f6r Putin<\/p>\n<p>Under talet varnade ocks\u00e5 Zelenskyj f\u00f6r att \u201dPutin kommer att forts\u00e4tta utvidga och f\u00f6rdjupa kriget\u201d om inte mer g\u00f6rs f\u00f6r att stoppa honom.\u00a0<\/p>\n<p>Zelenskyj upprepade flera g\u00e5nger att vapen och milit\u00e4r styrka beh\u00f6vs f\u00f6r att bevara freden i Europa.<\/p>\n<p>\u2013 Vi lever under den mest destruktiva kapprustningen i m\u00e4nsklighetens historia, sa Zelenskyj under talet.\u00a0<\/p>\n<p>Han n\u00e4mnde faran med dr\u00f6nare och hur <a href=\"https:\/\/www.expressen.se\/tagg\/location\/ryssland\/\" class=\"\" rel=\"nofollow noopener\" target=\"_blank\">Ryssland<\/a> anv\u00e4nder dem f\u00f6r att utvidga kriget.<\/p>\n<p>\u2013 Det finns inga s\u00e4kerhetsgarantier, f\u00f6rutom v\u00e4nner med vapen.<\/p>\n<p>I de nu frysta f\u00f6rs\u00f6ken att f\u00e5 till fredssamtal med Ryssland har det diskuterats vilka s\u00e4kerhetsgarantier Ukraina skulle f\u00e5 vid ett eventuellt eldupph\u00f6r.\u00a0<\/p>\n<p>Zelenskyj sa ocks\u00e5 att Europa inte har r\u00e5d att f\u00f6rlora Moldavien till ryskt inflytande. P\u00e5 s\u00f6ndag g\u00e5r Moldavien till val och m\u00e5nga oroar sig f\u00f6r att Kreml kommer att f\u00f6rs\u00f6ka p\u00e5verka valet.<\/p>\n<p>Trump: Ukraina kan ta tillbaka allt<\/p>\n<p>Sedan Trump m\u00f6tte Putin i Alaska tidigare i augusti har de amerikanska f\u00f6rs\u00f6ken till fredsf\u00f6rhandlingar g\u00e5tt i st\u00e5.\u00a0<\/p>\n<p>N\u00e4r Trump pratade med Zelenskyj i FN-skrapan p\u00e5 tisdagen var det tydligt att han tar Ukrainas sida.<\/p>\n<p>\u201dUkraina, med st\u00f6d fr\u00e5n Europeiska unionen, har m\u00f6jlighet att k\u00e4mpa och VINNA tillbaka hela Ukraina i dess ursprungliga form\u201d, skrev Trump p\u00e5 Truth Social efter m\u00f6tet.<\/p>\n<p>Zelenskyj kommenterade inte det p\u00e5st\u00e5endet under talet.<\/p>\n<p>Trump riktade ocks\u00e5 kritik mot Ryssland och beskrev landet som en \u201dpapperstiger\u201d som, med sin svaga ekonomi, inte kan kvalificera sig som stormakt. Kreml surnade till och svarade att landet snarare \u201d\u00e4r en riktig bj\u00f6rn\u201d.<\/p>\n","protected":false},"excerpt":{"rendered":"Zelenskyj varnar f\u00f6r Putins krigsplaner i sitt tal i FN. Dessutom s\u00e4ger att han att Trump har skydd&hellip;\n","protected":false},"author":2,"featured_media":38882,"comment_status":"","ping_status":"","sticky":false,"template":"","format":"standard","meta":{"footnotes":""},"categories":[14],"tags":[50,22,23,26,27,17,21,24,25,274,202,45,1340,28,29,15,276,16,3643,18,34,55,31,33,32,30,19,60,49,20,51,52,53,54],"class_list":{"0":"post-38881","1":"post","2":"type-post","3":"status-publish","4":"format-standard","5":"has-post-thumbnail","7":"category-varlden","8":"tag-arme-forsvar","9":"tag-breaking-news","10":"tag-breakingnews","11":"tag-featured-news","12":"tag-featurednews","13":"tag-headlines","14":"tag-huvudnyheter","15":"tag-latest-news","16":"tag-latestnews","17":"tag-location-ryssland","18":"tag-location-ukraina","19":"tag-location-usa","20":"tag-location-vita-huset","21":"tag-main-news","22":"tag-mainnews","23":"tag-news","24":"tag-newsstory-kriget-i-ukraina","25":"tag-nyheter","26":"tag-organization-fn","27":"tag-rubriker","28":"tag-se","29":"tag-sections-varlden","30":"tag-svenska","31":"tag-sverige","32":"tag-sweden","33":"tag-swedish","34":"tag-top-stories","35":"tag-topic-krig-konflikt","36":"tag-topic-militar","37":"tag-topstories","38":"tag-varlden","39":"tag-world","40":"tag-world-news","41":"tag-worldnews"},"share_on_mastodon":{"url":"","error":""},"_links":{"self":[{"href":"https:\/\/www.europesays.com\/se\/wp-json\/wp\/v2\/posts\/38881","targetHints":{"allow":["GET"]}}],"collection":[{"href":"https:\/\/www.europesays.com\/se\/wp-json\/wp\/v2\/posts"}],"about":[{"href":"https:\/\/www.europesays.com\/se\/wp-json\/wp\/v2\/types\/post"}],"author":[{"embeddable":true,"href":"https:\/\/www.europesays.com\/se\/wp-json\/wp\/v2\/users\/2"}],"replies":[{"embeddable":true,"href":"https:\/\/www.europesays.com\/se\/wp-json\/wp\/v2\/comments?post=38881"}],"version-history":[{"count":0,"href":"https:\/\/www.europesays.com\/se\/wp-json\/wp\/v2\/posts\/38881\/revisions"}],"wp:featuredmedia":[{"embeddable":true,"href":"https:\/\/www.europesays.com\/se\/wp-json\/wp\/v2\/media\/38882"}],"wp:attachment":[{"href":"https:\/\/www.europesays.com\/se\/wp-json\/wp\/v2\/media?parent=38881"}],"wp:term":[{"taxonomy":"category","embeddable":true,"href":"https:\/\/www.europesays.com\/se\/wp-json\/wp\/v2\/categories?post=38881"},{"taxonomy":"post_tag","embeddable":true,"href":"https:\/\/www.europesays.com\/se\/wp-json\/wp\/v2\/tags?post=38881"}],"curies":[{"name":"wp","href":"https:\/\/api.w.org\/{rel}","templated":true}]}}