{"id":38915,"date":"2025-09-25T01:41:25","date_gmt":"2025-09-25T01:41:25","guid":{"rendered":"https:\/\/www.europesays.com\/se\/38915\/"},"modified":"2025-09-25T01:41:25","modified_gmt":"2025-09-25T01:41:25","slug":"jimmy-kimmels-comeback-hyllas-som-en-seger-for-yttrandefriheten-i-usa-utrikes","status":"publish","type":"post","link":"https:\/\/www.europesays.com\/se\/38915\/","title":{"rendered":"Jimmy Kimmels comeback hyllas som en seger f\u00f6r yttrande\u00adfriheten i USA | Utrikes"},"content":{"rendered":"<p class=\"aw-1gybjub aw-1p7kakr cmIuaG fmSRng yle__article__paragraph\">Underh\u00e5llningsprogrammet Jimmy Kimmel Live! \u00e5terv\u00e4nde i natt finsk tid i amerikansk tv.<\/p>\n<p class=\"aw-1gybjub aw-1p7kakr cmIuaG fmSRng yle__article__paragraph\">Programmet med komikern <strong class=\"aw-ak79eh KyCXm yle__article__strong\">Jimmy Kimmel<\/strong> lades tidigare p\u00e5 is \u201dp\u00e5 obest\u00e4md tid\u201d av tv-bolaget ABC och dess \u00e4gare Disney efter kontroverser kring kommentarer Kimmel gjort om den m\u00f6rdade konservativa h\u00f6gerprofilen <strong class=\"aw-ak79eh KyCXm yle__article__strong\">Charlie Kirk<\/strong>.<\/p>\n<p>Sm\u00e4rtan i Disneypl\u00e5nboken banade v\u00e4g f\u00f6r Kimmels \u00e5terkomst<\/p>\n<p class=\"aw-1gybjub aw-1p7kakr cmIuaG fmSRng yle__article__paragraph\"><strong class=\"aw-ak79eh KyCXm yle__article__strong\">Oscar Winberg<\/strong>, USA-forskare och historiker med specialinriktning p\u00e5 modern politisk historia och massmedier, s\u00e4ger att Disney utsattes f\u00f6r s\u00e5 h\u00e5rd press p\u00e5 kort tid att de sannolikt s\u00e5g sig tvungna att snabbt ta tillbaka Kimmel.<\/p>\n<p><img decoding=\"async\" alt=\"Oscar Winberg.\" src=\"https:\/\/www.europesays.com\/se\/wp-content\/uploads\/2025\/09\/39-134675366e1487115649.jpeg\" loading=\"lazy\" class=\"aw-1l9m598 hKVVvP\"\/><\/p>\n<p>\u00d6ppna bildvisare<\/p>\n<p>USA-forskaren Oscar Winberg s\u00e4ger att Kimmels \u00e5terkomst till TV-rutan visar att enskilda medborgare kan g\u00f6ra motst\u00e5nd om de agerar i samf\u00f6rst\u00e5nd. Bild: Linnea de la Chapelle \/ Yle<\/p>\n<p class=\"aw-1gybjub aw-1p7kakr cmIuaG fmSRng yle__article__paragraph\">Enligt Winberg finns det flera faktorer som spelade in i att Kimmel fick \u00e5terv\u00e4nda.<\/p>\n<p class=\"aw-1gybjub aw-1p7kakr cmIuaG fmSRng yle__article__paragraph\">Bland det f\u00f6rsta \u00e4r att Jimmy Kimmel, som b\u00e5de st\u00e5tt som v\u00e4rd f\u00f6r Oscarsgalan och som h\u00e5ller i andra popul\u00e4ra underh\u00e5llningsprogram, \u00e4r ett v\u00e4ldigt viktigt varum\u00e4rke f\u00f6r Disney och f\u00f6r ABC.<\/p>\n<p class=\"aw-1gybjub aw-1p7kakr cmIuaG fmSRng yle__article__paragraph\">\u2013 Det handlar inte enbart om det h\u00e4r Late Night-programmet. Under m\u00e5nga \u00e5r har ABC byggt upp Jimmy Kimmel till att vara en slags representant f\u00f6r deras tv-kanal, s\u00e4ger Winberg.<\/p>\n<p class=\"aw-1gybjub aw-1p7kakr cmIuaG fmSRng yle__article__paragraph\">F\u00f6r det andra s\u00e5gs avst\u00e4ngningen av m\u00e5nga av Disneys kunder som att f\u00f6retaget vek sig f\u00f6r politiska krav, vilket ledde till att m\u00e5nga sa upp sina prenumerationer p\u00e5 Disneys str\u00f6mningstj\u00e4nst Disney plus p\u00e5 kort tid.<\/p>\n<p class=\"aw-1gybjub aw-1p7kakr cmIuaG fmSRng yle__article__paragraph\">Winberg pekar ocks\u00e5 p\u00e5 vikten av en grupp viktiga Disneyentusiaster och influerare som brukar g\u00e5 under samlingsnamnet \u201dDisney adults\u201d (Disneyvuxna p\u00e5 svenska).<\/p>\n<p class=\"aw-1gybjub aw-1p7kakr cmIuaG fmSRng yle__article__paragraph\">De spenderar mycket tid och pengar p\u00e5 temakryssningar och temaparker som Disneyland och Disney World och g\u00f6r mycket v\u00e4lkommen reklam f\u00f6r Disney p\u00e5 n\u00e4tet.<\/p>\n<p class=\"aw-1gybjub aw-1p7kakr cmIuaG fmSRng yle__article__paragraph\">\u2013 N\u00e4r ocks\u00e5 influerare p\u00e5 den h\u00e4r fronten b\u00f6rjar s\u00e4ga att det inte l\u00e4ngre \u00e4r moraliskt h\u00e5llbart att spendera sina pengar p\u00e5 Disney om de agerar s\u00e5 h\u00e4r, s\u00e5 har Disney problem, s\u00e4ger Winberg.<\/p>\n<p class=\"aw-1gybjub aw-1p7kakr cmIuaG fmSRng yle__article__paragraph\">Slutligen menar Winberg att det handlar om att Disney och ABC kanske hade t\u00e4nkt sig att man v\u00e4ntar ut stormen tills den bl\u00e5st vidare, men att man ins\u00e5g att den snarare verkade bli v\u00e4rre ju l\u00e4ngre Kimmel h\u00f6lls borta fr\u00e5n TV-rutan.<\/p>\n<p>Kampen forts\u00e4tter delvis<\/p>\n<p class=\"aw-1gybjub aw-1p7kakr cmIuaG fmSRng yle__article__paragraph\">Tv\u00e5 stora bolag, Nexstar och Sinclair som \u00e4ger tv-stationer runtom i landet, har forts\u00e4ttningsvis sagt att de inte t\u00e4nker s\u00e4nda Kimmels program.<\/p>\n<p class=\"aw-1gybjub aw-1p7kakr cmIuaG fmSRng yle__article__paragraph\">Det har f\u00f6r Nexstars del att g\u00f6ra med att de vill genomf\u00f6ra aff\u00e4rer som kr\u00e4ver att de h\u00e5ller sig v\u00e4l med Trumpadministrationen. F\u00f6r Sinclair \u00e4r det en fr\u00e5ga om att \u00e4nnu tydligare positionera sig inom traditionell etermedia som ett konservativt bolag.<\/p>\n<p class=\"aw-1gybjub aw-1p7kakr cmIuaG fmSRng yle__article__paragraph\">Det h\u00e4r f\u00e5r en del ekonomiska konsekvenser f\u00f6r Disney och ABC som blir av med omkring 20 procent av Kimmels tittare, och d\u00e4rmed motsvarande int\u00e4kter, i och med Nexstars och Sinclairs beslut.<\/p>\n<p class=\"aw-1gybjub aw-1p7kakr cmIuaG fmSRng yle__article__paragraph\">Winberg s\u00e4ger att Disney och ABC i slut\u00e4ndan \u00e4nd\u00e5 p\u00e5verkas mindre \u00e4n de skulle ha gjort under tidigare decennier eftersom Late Night-program som Kimmels inte l\u00e4ngre \u00e4r lika starkt bundna till s\u00e4ndningstider i en TV-kanal.<\/p>\n<p class=\"aw-1gybjub aw-1p7kakr cmIuaG fmSRng yle__article__paragraph\">\u2013 Det \u00e4r ju sent p\u00e5 kv\u00e4llen som de visas, och amerikanerna har allt mer g\u00e5tt \u00f6ver fr\u00e5n att vaka och se de h\u00e4r programmen, till att ist\u00e4llet leta upp dem f\u00f6ljande dag, till exempel p\u00e5 p\u00e5 Youtube eller p\u00e5 n\u00e5gon str\u00f6mningstj\u00e4nst.<\/p>\n<p>En kn\u00e4pp p\u00e5 Trumpadministrationens n\u00e4sa<\/p>\n<p class=\"aw-1gybjub aw-1p7kakr cmIuaG fmSRng yle__article__paragraph\">Kimmels \u00e5terkomst ses av m\u00e5nga som en seger i kampen f\u00f6r yttrandefriheten.<\/p>\n<p class=\"aw-1gybjub aw-1p7kakr cmIuaG fmSRng yle__article__paragraph\">\u2013 F\u00f6r det f\u00f6rsta visade det h\u00e4r att folk fortfarande har m\u00f6jligheter att p\u00e5verka och l\u00e5ta dem i maktposition, vare sig det \u00e4r politiker eller eller megabolag, h\u00f6ra vad man tycker och t\u00e4nker, s\u00e4ger Winberg.<\/p>\n<p class=\"aw-1gybjub aw-1p7kakr cmIuaG fmSRng yle__article__paragraph\">Det h\u00e4r \u00e4r s\u00e4rskilt viktigt n\u00e4r det i det h\u00e4r fallet handlar om en v\u00e4ldigt centralt amerikanskt ideal, n\u00e4mligen yttrandefrihet, s\u00e4ger Winberg.<\/p>\n<p class=\"aw-1gybjub aw-1p7kakr cmIuaG fmSRng yle__article__paragraph\">Det \u00e4r ocks\u00e5 en viktig markering mot Trumpadministrationen, tror Winberg, eftersom hela processen mot Kimmel sattes ig\u00e5ng p\u00e5 grund av kritik fr\u00e5n <strong class=\"aw-ak79eh KyCXm yle__article__strong\">Brendan Carr<\/strong>, ordf\u00f6randen f\u00f6r USA:s federala kommunikationsmyndighet FCC, som tillsatts av president <strong class=\"aw-ak79eh KyCXm yle__article__strong\">Donald Trump.<\/strong><\/p>\n<p class=\"aw-1gybjub aw-1p7kakr cmIuaG fmSRng yle__article__paragraph\">\u2013 N\u00e4r man tar avst\u00e5nd, n\u00e4r man g\u00f6r det sv\u00e5rt f\u00f6r Trumpadministrationen att ta st\u00f6rre maktbefogenheter s\u00e5 brukar det resultera i att Trumpadministrationen g\u00e5r f\u00f6rlorande ur den striden.<\/p>\n<p>Den st\u00f6rsta f\u00f6rloraren i striden \u00e4r Brendan Carr<\/p>\n<p class=\"aw-1gybjub aw-1p7kakr cmIuaG fmSRng yle__article__paragraph\">F\u00f6r FCC:s ordf\u00f6rande Brendan Carr \u00e4r Kimmels \u00e5terkomst en klar prestigef\u00f6rlust, s\u00e4ger Winberg.<\/p>\n<p class=\"aw-1gybjub aw-1p7kakr cmIuaG fmSRng yle__article__paragraph\">Det kan inneb\u00e4ra att debatten om Jimmy Kimmel avslutas, men det \u00e4r ocks\u00e5 m\u00f6jligt att Carr och FCC forts\u00e4tter att kritisera och f\u00f6rs\u00f6ker skapa prejudikat genom att gynna Sinclair och Nexstar f\u00f6r att de st\u00e4llt sig p\u00e5 administrationens sida i konflikten.<\/p>\n<p class=\"aw-1gybjub aw-1p7kakr cmIuaG fmSRng yle__article__paragraph\">Detta skulle kunna leda till att diskussionen om Kimmel och programmet \u00e4nd\u00e5 forts\u00e4tter.<\/p>\n<p class=\"aw-1gybjub aw-1p7kakr cmIuaG fmSRng yle__article__paragraph\">Winberg tror dock inte att Carr n\u00f6dv\u00e4ndigtvis kommer att forts\u00e4tta br\u00e5ka om Kimmel genom att p\u00e5 nytt hota med indragna s\u00e4ndningslicenser, mycket p\u00e5 grund av att hans makt vid FCC \u00e4nd\u00e5 \u00e4r begr\u00e4nsad:<\/p>\n<p class=\"aw-1gybjub aw-1p7kakr cmIuaG fmSRng yle__article__paragraph\">Enligt Winberg kan Carr hota hur mycket han vill, men i praktiken har han inte mandat att fatta egna beslut utan m\u00e5ste ta det via FCC:s styrelse.<\/p>\n<p class=\"aw-1gybjub aw-1p7kakr cmIuaG fmSRng yle__article__paragraph\">Och varje beslut blir sedan sannolikt upptakten till en l\u00e5ng juridisk fajt som vare sig FCC eller de man br\u00e5kar med f\u00f6rmodligen vill ta, s\u00e4ger Winberg<\/p>\n<p class=\"aw-1gybjub aw-1p7kakr cmIuaG fmSRng yle__article__paragraph\">\u2013 Det \u00e4r ju miljardbolag som har de h\u00e4r licenserna. De skulle inte acceptera att de bara tas ifr\u00e5n dem, s\u00e4ger Winberg.<\/p>\n","protected":false},"excerpt":{"rendered":"Underh\u00e5llningsprogrammet Jimmy Kimmel Live! \u00e5terv\u00e4nde i natt finsk tid i amerikansk tv. Programmet med komikern Jimmy Kimmel lades&hellip;\n","protected":false},"author":2,"featured_media":38916,"comment_status":"","ping_status":"","sticky":false,"template":"","format":"standard","meta":{"footnotes":""},"categories":[5],"tags":[22,23,3302,385,26,27,17,21,3586,4082,194,24,25,28,29,4081,15,16,18,34,31,33,32,30,4083,19,20,74,3818,237],"class_list":{"0":"post-38915","1":"post","2":"type-post","3":"status-publish","4":"format-standard","5":"has-post-thumbnail","7":"category-rubriker","8":"tag-breaking-news","9":"tag-breakingnews","10":"tag-charlie-kirk","11":"tag-donald-trump","12":"tag-featured-news","13":"tag-featurednews","14":"tag-headlines","15":"tag-huvudnyheter","16":"tag-jimmy-kimmel","17":"tag-jimmy-kimmel-live","18":"tag-kultur","19":"tag-latest-news","20":"tag-latestnews","21":"tag-main-news","22":"tag-mainnews","23":"tag-mordet-pa-charlie-kirk","24":"tag-news","25":"tag-nyheter","26":"tag-rubriker","27":"tag-se","28":"tag-svenska","29":"tag-sverige","30":"tag-sweden","31":"tag-swedish","32":"tag-television","33":"tag-top-stories","34":"tag-topstories","35":"tag-usa","36":"tag-usas-president","37":"tag-utrikes"},"share_on_mastodon":{"url":"","error":""},"_links":{"self":[{"href":"https:\/\/www.europesays.com\/se\/wp-json\/wp\/v2\/posts\/38915","targetHints":{"allow":["GET"]}}],"collection":[{"href":"https:\/\/www.europesays.com\/se\/wp-json\/wp\/v2\/posts"}],"about":[{"href":"https:\/\/www.europesays.com\/se\/wp-json\/wp\/v2\/types\/post"}],"author":[{"embeddable":true,"href":"https:\/\/www.europesays.com\/se\/wp-json\/wp\/v2\/users\/2"}],"replies":[{"embeddable":true,"href":"https:\/\/www.europesays.com\/se\/wp-json\/wp\/v2\/comments?post=38915"}],"version-history":[{"count":0,"href":"https:\/\/www.europesays.com\/se\/wp-json\/wp\/v2\/posts\/38915\/revisions"}],"wp:featuredmedia":[{"embeddable":true,"href":"https:\/\/www.europesays.com\/se\/wp-json\/wp\/v2\/media\/38916"}],"wp:attachment":[{"href":"https:\/\/www.europesays.com\/se\/wp-json\/wp\/v2\/media?parent=38915"}],"wp:term":[{"taxonomy":"category","embeddable":true,"href":"https:\/\/www.europesays.com\/se\/wp-json\/wp\/v2\/categories?post=38915"},{"taxonomy":"post_tag","embeddable":true,"href":"https:\/\/www.europesays.com\/se\/wp-json\/wp\/v2\/tags?post=38915"}],"curies":[{"name":"wp","href":"https:\/\/api.w.org\/{rel}","templated":true}]}}