{"id":38932,"date":"2025-09-25T03:27:19","date_gmt":"2025-09-25T03:27:19","guid":{"rendered":"https:\/\/www.europesays.com\/se\/38932\/"},"modified":"2025-09-25T03:27:19","modified_gmt":"2025-09-25T03:27:19","slug":"se-hojdpunkterna-i-matchen-mellan-liverpool-och-southampton","status":"publish","type":"post","link":"https:\/\/www.europesays.com\/se\/38932\/","title":{"rendered":"Se h\u00f6jdpunkterna i matchen mellan Liverpool och Southampton"},"content":{"rendered":"<p><strong>Alexander Isak gjorde sitt f\u00f6rsta m\u00e5l f\u00f6r Liverpool \u2013 och blev utbytt efter en halvlek. <br \/>D\u00e5 kom Hugo Ekitik\u00e9 in \u2013 avgjorde matchen och drog p\u00e5 sig ett r\u00f6tt kort. <\/strong><\/p>\n<p><img loading=\"lazy\" decoding=\"async\" width=\"1024\" height=\"576\" src=\"https:\/\/www.europesays.com\/se\/wp-content\/uploads\/2025\/09\/liverpool_southampton-1024x576.jpg\" alt=\"\" class=\"wp-image-321029\"  \/>Foto: Bildbyr\u00e5n<\/p>\n<p>Under inledningen av \u00e5rets <a href=\"https:\/\/fotbolldirekt.se\/premier-league\/\" rel=\"nofollow noopener\" target=\"_blank\">Premier League<\/a>-s\u00e4song har Liverpool g\u00e5tt rent, och <strong>vunnit fem av fem m\u00f6jliga matcher<\/strong>. <\/p>\n<p>Under tisdagskv\u00e4llen var det dags f\u00f6r \u201dThe Reds\u201d att kliva in i ligacupen d\u00e5 man tog emot Southampton p\u00e5 Anfield. Detta gjorde man med <strong>det svenske nyf\u00f6rv\u00e4rvet Alexander Isak fr\u00e5n start<\/strong>.<\/p>\n<p>V\u00e4l p\u00e5 planen dr\u00f6jde det inte l\u00e4nge innan den svenske stj\u00e4rnan var n\u00e4ra att hitta r\u00e4tt. Matchminuten var den f\u00f6rsta och skottet gick rakt p\u00e5 en r\u00e4ddande McCarthy. <\/p>\n<p>Efter en j\u00e4mn f\u00f6rsta halvlek, d\u00e4r Southampton haft den st\u00f6rsta chansen, skulle <strong><a href=\"https:\/\/fotbolldirekt.se\/internationellt\/just-nu-alexander-isak-gor-sitt-forsta-mal-for-liverpool\/\" rel=\"nofollow noopener\" target=\"_blank\">svensken g\u00f6ra sitt f\u00f6rsta m\u00e5l f\u00f6r klubben<\/a><\/strong>.<\/p>\n<p>Detta d\u00e5 Southampton-keepen McCarthy slarvade bort en passning som Chiesa kunde sno och spela fram Isak som rakade in bollen f\u00f6r 1-0 i matchen. <\/p>\n<p>Det blev slutresultatet i den f\u00f6rsta halvleken och inf\u00f6r den andra halvleken byttes Alexander Isak ut \u2013 till f\u00f6rm\u00e5n f\u00f6r Hugo Ekitik\u00e9.<\/p>\n<p><img loading=\"lazy\" decoding=\"async\" width=\"1024\" height=\"576\" src=\"https:\/\/www.europesays.com\/se\/wp-content\/uploads\/2025\/09\/ekitikee-1024x576.jpg\" alt=\"\" class=\"wp-image-321033\"  \/>Foto: Bildbyr\u00e5n.<\/p>\n<p>I den andra akten skulle Southampton, med kvarten kvar att spela, <strong>kvittera matchen via Shea Charles<\/strong>. <\/p>\n<p>D\u00e4remot ville Liverpool, och Hugo Ekitik\u00e9, annat d\u00e5 <strong>fransmannen satte dit 2-1 med fem minuter kvar att spela<\/strong>. \u00c4ven denna g\u00e5ng assisterade Chiesa. <\/p>\n<p>D\u00e5 passade anfallaren p\u00e5 att fira med att dra av sig sin tr\u00f6ja. <strong>Det var inte s\u00e4rskilt smart d\u00e5 han redan hade ett gult kort och s\u00e5ledes blev utvisad<\/strong>. <\/p>\n<p>Liverpool vann dock matchen och \u00e4r vidare till den fj\u00e4rde omg\u00e5ngen av ligacupen.\u00a0<\/p>\n","protected":false},"excerpt":{"rendered":"Alexander Isak gjorde sitt f\u00f6rsta m\u00e5l f\u00f6r Liverpool \u2013 och blev utbytt efter en halvlek. D\u00e5 kom Hugo&hellip;\n","protected":false},"author":2,"featured_media":38933,"comment_status":"","ping_status":"","sticky":false,"template":"","format":"standard","meta":{"footnotes":""},"categories":[68],"tags":[1319,34,111,110,31,33,32,30],"class_list":{"0":"post-38932","1":"post","2":"type-post","3":"status-publish","4":"format-standard","5":"has-post-thumbnail","7":"category-sport","8":"tag-paket-blocket-2","9":"tag-se","10":"tag-sport","11":"tag-sports","12":"tag-svenska","13":"tag-sverige","14":"tag-sweden","15":"tag-swedish"},"share_on_mastodon":{"url":"","error":""},"_links":{"self":[{"href":"https:\/\/www.europesays.com\/se\/wp-json\/wp\/v2\/posts\/38932","targetHints":{"allow":["GET"]}}],"collection":[{"href":"https:\/\/www.europesays.com\/se\/wp-json\/wp\/v2\/posts"}],"about":[{"href":"https:\/\/www.europesays.com\/se\/wp-json\/wp\/v2\/types\/post"}],"author":[{"embeddable":true,"href":"https:\/\/www.europesays.com\/se\/wp-json\/wp\/v2\/users\/2"}],"replies":[{"embeddable":true,"href":"https:\/\/www.europesays.com\/se\/wp-json\/wp\/v2\/comments?post=38932"}],"version-history":[{"count":0,"href":"https:\/\/www.europesays.com\/se\/wp-json\/wp\/v2\/posts\/38932\/revisions"}],"wp:featuredmedia":[{"embeddable":true,"href":"https:\/\/www.europesays.com\/se\/wp-json\/wp\/v2\/media\/38933"}],"wp:attachment":[{"href":"https:\/\/www.europesays.com\/se\/wp-json\/wp\/v2\/media?parent=38932"}],"wp:term":[{"taxonomy":"category","embeddable":true,"href":"https:\/\/www.europesays.com\/se\/wp-json\/wp\/v2\/categories?post=38932"},{"taxonomy":"post_tag","embeddable":true,"href":"https:\/\/www.europesays.com\/se\/wp-json\/wp\/v2\/tags?post=38932"}],"curies":[{"name":"wp","href":"https:\/\/api.w.org\/{rel}","templated":true}]}}