{"id":3895,"date":"2025-08-13T15:21:10","date_gmt":"2025-08-13T15:21:10","guid":{"rendered":"https:\/\/www.europesays.com\/se\/3895\/"},"modified":"2025-08-13T15:21:10","modified_gmt":"2025-08-13T15:21:10","slug":"football-manager-26-pa-vag-forsta-bilderna","status":"publish","type":"post","link":"https:\/\/www.europesays.com\/se\/3895\/","title":{"rendered":"Football Manager 26 p\u00e5 v\u00e4g \u2013 f\u00f6rsta bilderna"},"content":{"rendered":"<p>Publicerad 13 aug 2025 kl 16.07Uppdaterad kl 16.20<\/p>\n<p>I februari kom chockbeskedet att FM25 skrotades.<\/p>\n<p>Men nu kan fansen andas ut.<\/p>\n<p>Ett nytt Football Manager \u00e4r p\u00e5 v\u00e4g.<\/p>\n<p><img   alt=\"\"\/> <\/p>\n<p>Foto: Sports Interactive<\/p>\n<p><img loading=\"lazy\"   alt=\"\"\/> <\/p>\n<p>Foto: Sports Interactive<\/p>\n<p>Det har varit tyst fr\u00e5n utvecklaren Sports Interactive sen nyheten briserade om att <a href=\"https:\/\/www.expressen.se\/sport\/e-sport\/beskedet-football-manager-25-skrotas\/\" rel=\"nofollow noopener\" target=\"_blank\">Football Manager 25 skrotades<\/a> helt p\u00e5 grund av stora problem under produktionen av spelet.<\/p>\n<p>Anledningen \u00e4r planen att ta det st\u00f6rsta steget p\u00e5 20 \u00e5r f\u00f6r spelserien, d\u00e4r man bland annat ska implementera en helt ny spelmotor.<\/p>\n<p>M\u00e5nga hade ocks\u00e5 b\u00f6rjat ifr\u00e5gas\u00e4tta huruvida det skulle bli ett nytt spel i \u00e5r under den l\u00e5nga tystnadsperioden.<\/p>\n<p>Nu bekr\u00e4ftas det att FM26 \u00e4r p\u00e5 g\u00e5ng.<\/p>\n<p>Samtidigt har Sports Interactive <a href=\"https:\/\/www.footballmanager.com\/\" rel=\"nofollow noopener\" target=\"_blank\">sl\u00e4ppt de allra f\u00f6rsta bilderna<\/a> p\u00e5 matchmotorn i en kort video, men som bara ger sm\u00e5 glimtar av den. Det utlovas en n\u00e4rmare titt p\u00e5 spelet snart.<\/p>\n<p>Det finns d\u00e4remot inget datum \u00e4nnu f\u00f6r n\u00e4r spelet kommer sl\u00e4ppas.<\/p>\n<p><a href=\"https:\/\/x.com\/FootballManager\/status\/1955615499460755527\" data-provider=\"twitter\" class=\"js-social-embed\" rel=\"nofollow\">https:\/\/x.com\/FootballManager\/status\/1955615499460755527<\/a><\/p>\n","protected":false},"excerpt":{"rendered":"Publicerad 13 aug 2025 kl 16.07Uppdaterad kl 16.20 I februari kom chockbeskedet att FM25 skrotades. Men nu kan&hellip;\n","protected":false},"author":2,"featured_media":3896,"comment_status":"","ping_status":"","sticky":false,"template":"","format":"standard","meta":{"footnotes":""},"categories":[68],"tags":[34,755,111,110,31,33,32,30],"class_list":{"0":"post-3895","1":"post","2":"type-post","3":"status-publish","4":"format-standard","5":"has-post-thumbnail","7":"category-sport","8":"tag-se","9":"tag-sections-esport","10":"tag-sport","11":"tag-sports","12":"tag-svenska","13":"tag-sverige","14":"tag-sweden","15":"tag-swedish"},"share_on_mastodon":{"url":"","error":""},"_links":{"self":[{"href":"https:\/\/www.europesays.com\/se\/wp-json\/wp\/v2\/posts\/3895","targetHints":{"allow":["GET"]}}],"collection":[{"href":"https:\/\/www.europesays.com\/se\/wp-json\/wp\/v2\/posts"}],"about":[{"href":"https:\/\/www.europesays.com\/se\/wp-json\/wp\/v2\/types\/post"}],"author":[{"embeddable":true,"href":"https:\/\/www.europesays.com\/se\/wp-json\/wp\/v2\/users\/2"}],"replies":[{"embeddable":true,"href":"https:\/\/www.europesays.com\/se\/wp-json\/wp\/v2\/comments?post=3895"}],"version-history":[{"count":0,"href":"https:\/\/www.europesays.com\/se\/wp-json\/wp\/v2\/posts\/3895\/revisions"}],"wp:featuredmedia":[{"embeddable":true,"href":"https:\/\/www.europesays.com\/se\/wp-json\/wp\/v2\/media\/3896"}],"wp:attachment":[{"href":"https:\/\/www.europesays.com\/se\/wp-json\/wp\/v2\/media?parent=3895"}],"wp:term":[{"taxonomy":"category","embeddable":true,"href":"https:\/\/www.europesays.com\/se\/wp-json\/wp\/v2\/categories?post=3895"},{"taxonomy":"post_tag","embeddable":true,"href":"https:\/\/www.europesays.com\/se\/wp-json\/wp\/v2\/tags?post=3895"}],"curies":[{"name":"wp","href":"https:\/\/api.w.org\/{rel}","templated":true}]}}