{"id":38999,"date":"2025-09-25T04:48:09","date_gmt":"2025-09-25T04:48:09","guid":{"rendered":"https:\/\/www.europesays.com\/se\/38999\/"},"modified":"2025-09-25T04:48:09","modified_gmt":"2025-09-25T04:48:09","slug":"ostersunds-ik-besegrade-mora-med-4-1","status":"publish","type":"post","link":"https:\/\/www.europesays.com\/se\/38999\/","title":{"rendered":"\u00d6stersunds IK besegrade Mora med 4\u20131"},"content":{"rendered":"<ul>\n<li><b>Seger f\u00f6r <a href=\"https:\/\/hockeysverige.se\/klubb\/ostersunds-ik\/\" rel=\"nofollow noopener\" target=\"_blank\">\u00d6stersunds IK<\/a> med 4\u20131 mot <a href=\"https:\/\/hockeysverige.se\/klubb\/mora-ik\/\" rel=\"nofollow noopener\" target=\"_blank\">Mora<\/a><\/b><\/li>\n<li><b>Lukas Sagranden avgjorde f\u00f6r \u00d6stersunds IK<\/b><\/li>\n<li><b>Andra raka f\u00f6rlusten f\u00f6r Mora<\/b><\/li>\n<\/ul>\n<p>Bortalaget \u00d6stersunds IK tog hem segern mot Mora i hockeyallsvenskan. 1\u20134 (0\u20132, 1\u20132, 0\u20130) slutade matchen p\u00e5 onsdagen.<\/p>\n<p>Det var f\u00f6rsta segern f\u00f6r \u00d6stersunds IK. I premi\u00e4ren f\u00f6rlorade laget med  1\u20133 mot <a href=\"https:\/\/hockeysverige.se\/klubb\/modo-hockey\/\" rel=\"nofollow noopener\" target=\"_blank\">Modo Hockey<\/a> .<\/p>\n<p>Mora\u2013\u00d6stersunds IK \u2013 m\u00e5l f\u00f6r m\u00e5l<\/p>\n<p>\u00d6stersunds IK tog ledningen i f\u00f6rsta perioden n\u00e4r laget gick upp till 0\u20132 inom loppet av bara tv\u00e5 minuter. \u00d6stersunds IK gjorde tv\u00e5 m\u00e5l i andra perioden och gick fr\u00e5n 0\u20132 till 0\u20134, m\u00e5len av Adrian Carnebo och <a href=\"https:\/\/hockeysverige.se\/spelare\/dennis-varmhed\/\" rel=\"nofollow noopener\" target=\"_blank\">Dennis V\u00e4rmhed<\/a>. Det rycket avgjorde matchen.<\/p>\n<p>Jesper Norb\u00e4ck reducerade f\u00f6rvisso, men n\u00e4rmare \u00e4n 1\u20134 kom inte Mora. Tredje perioden blev m\u00e5ll\u00f6s och \u00d6stersunds IK tog d\u00e4rmed en stabil seger. I tredje perioden h\u00f6ll \u00d6stersunds IK i sin 4\u20131-ledning och vann.<\/p>\n<p>Samuel Solem gjorde ett m\u00e5l f\u00f6r \u00d6stersunds IK och tv\u00e5 assist.<\/p>\n<p>Mora m\u00f6ter Bik Karlskoga i n\u00e4sta match borta fredag 26 september 19.00. \u00d6stersunds IK m\u00f6ter samma dag Troja-Ljungby hemma.<\/p>\n<p><b>Mora\u2013\u00d6stersunds IK 1\u20134 (0\u20132, 1\u20132, 0\u20130)<\/b><\/p>\n<p><b>Hockeyallsvenskan, Smidjegrav Arena<\/b><\/p>\n<p><b>F\u00f6rsta perioden:<\/b> 0\u20131 (8.27) Samuel Solem (Carl Holmner-H\u00e4rgestam, Anton Klint), 0\u20132 (10.28) Lukas Sagranden (Samuel Solem, Daniel \u00d6hrn).<\/p>\n<p><b>Andra perioden:<\/b> 0\u20133 (23.38) Adrian Carnebo (Carl Holmner-H\u00e4rgestam, Samuel Solem), 0\u20134 (29.56) Dennis V\u00e4rmhed (Oliver Kanderg\u00e5rd, Maksim Semjonov), 1\u20134 (31.02) Jesper Norb\u00e4ck (Marcus Karlstr\u00f6m, Oskar Lindgren).<\/p>\n<p><b>N\u00e4sta match:<\/b><\/p>\n<p><b>Mora:<\/b> BIK Karlskoga, borta, 26 september<\/p>\n<p><b>\u00d6stersunds IK:<\/b> IF Troja-Ljungby, hemma, 26 september<\/p>\n","protected":false},"excerpt":{"rendered":"Seger f\u00f6r \u00d6stersunds IK med 4\u20131 mot Mora Lukas Sagranden avgjorde f\u00f6r \u00d6stersunds IK Andra raka f\u00f6rlusten f\u00f6r&hellip;\n","protected":false},"author":2,"featured_media":39000,"comment_status":"","ping_status":"","sticky":false,"template":"","format":"standard","meta":{"footnotes":""},"categories":[68],"tags":[621,34,133,111,110,31,33,32,30],"class_list":{"0":"post-38999","1":"post","2":"type-post","3":"status-publish","4":"format-standard","5":"has-post-thumbnail","7":"category-sport","8":"tag-hockeyallsvenskan","9":"tag-se","10":"tag-second-news","11":"tag-sport","12":"tag-sports","13":"tag-svenska","14":"tag-sverige","15":"tag-sweden","16":"tag-swedish"},"share_on_mastodon":{"url":"","error":""},"_links":{"self":[{"href":"https:\/\/www.europesays.com\/se\/wp-json\/wp\/v2\/posts\/38999","targetHints":{"allow":["GET"]}}],"collection":[{"href":"https:\/\/www.europesays.com\/se\/wp-json\/wp\/v2\/posts"}],"about":[{"href":"https:\/\/www.europesays.com\/se\/wp-json\/wp\/v2\/types\/post"}],"author":[{"embeddable":true,"href":"https:\/\/www.europesays.com\/se\/wp-json\/wp\/v2\/users\/2"}],"replies":[{"embeddable":true,"href":"https:\/\/www.europesays.com\/se\/wp-json\/wp\/v2\/comments?post=38999"}],"version-history":[{"count":0,"href":"https:\/\/www.europesays.com\/se\/wp-json\/wp\/v2\/posts\/38999\/revisions"}],"wp:featuredmedia":[{"embeddable":true,"href":"https:\/\/www.europesays.com\/se\/wp-json\/wp\/v2\/media\/39000"}],"wp:attachment":[{"href":"https:\/\/www.europesays.com\/se\/wp-json\/wp\/v2\/media?parent=38999"}],"wp:term":[{"taxonomy":"category","embeddable":true,"href":"https:\/\/www.europesays.com\/se\/wp-json\/wp\/v2\/categories?post=38999"},{"taxonomy":"post_tag","embeddable":true,"href":"https:\/\/www.europesays.com\/se\/wp-json\/wp\/v2\/tags?post=38999"}],"curies":[{"name":"wp","href":"https:\/\/api.w.org\/{rel}","templated":true}]}}