{"id":39024,"date":"2025-09-25T05:24:16","date_gmt":"2025-09-25T05:24:16","guid":{"rendered":"https:\/\/www.europesays.com\/se\/39024\/"},"modified":"2025-09-25T05:24:16","modified_gmt":"2025-09-25T05:24:16","slug":"nya-regler-for-sortering-av-textilavfall","status":"publish","type":"post","link":"https:\/\/www.europesays.com\/se\/39024\/","title":{"rendered":"Nya regler f\u00f6r sortering av textilavfall"},"content":{"rendered":"<p>Detta g\u00e4ller fr\u00e5n 1 oktober 2025:<\/p>\n<ul class=\"sol-bullet-list font-normal\">\n<li>Hela och rena textilier som kan anv\u00e4ndas igen ska du fortfarande l\u00e4mna till second hand eller i beh\u00e5llare f\u00f6r textilinsamling p\u00e5 kretsloppscentralen eller \u00e5tervinningsstationer. <br \/><a href=\"https:\/\/www.tyreso.se\/boende--miljo\/avfall-och-atervinning\/textil.html\" rel=\"nofollow noopener\" target=\"_blank\">Hitta din n\u00e4rmaste textilinsamling.<\/a><\/li>\n<li class=\"font-normal\">Textilier som \u00e4r trasiga eller smutsiga ska du l\u00e4mna i sopp\u00e5sen hemma eller i avsedd beh\u00e5llare p\u00e5 kretsloppscentralen.<\/li>\n<li class=\"font-normal\">Textilier som \u00e4r f\u00f6rorenade med kemikalier, till exempel olja, ska sorteras som farligt avfall.<\/li>\n<\/ul>\n<p class=\"font-normal\">Bakgrunden till att lagen \u00e4ndras \u00e4r att de krav p\u00e5 sortering av textilavfall som inf\u00f6rdes vid \u00e5rsskiftet snabbt fick effekt, men ocks\u00e5 stora konsekvenser.<\/p>\n<p class=\"font-normal\">\u2013 Textilbergen blev f\u00f6r stora f\u00f6r Sveriges kommuner och second hand-akt\u00f6rer att hantera. Det finns f\u00e5 som kan ta emot i n\u00e4sta steg, och mycket av textilavfallet var dessutom i f\u00f6r d\u00e5ligt skick f\u00f6r att kunna \u00e5tervinnas eller \u00e5teranv\u00e4ndas. Situationen blev till sist oh\u00e5llbar, s\u00e4ger Johanna \u00d6sthem, enhetschef.<\/p>\n<p>S\u00e5 kan du minska milj\u00f6p\u00e5verkan fr\u00e5n din garderob<\/p>\n<p class=\"font-normal\">Det b\u00e4sta du kan g\u00f6ra f\u00f6r att minska din garderobs milj\u00f6p\u00e5verkan \u00e4r att inte k\u00f6pa lika mycket nya kl\u00e4der, och att anv\u00e4nda de kl\u00e4der du har under l\u00e4ngre tid genom att laga och sk\u00f6ta om plaggen. Handla second hand och v\u00e5rda det du k\u00f6per. L\u00e4mna sedan i f\u00f6rsta hand till \u00e5terbruk. I andra hand l\u00e4mna textilier till \u00e5tervinning.<\/p>\n<p class=\"font-normal\"><a href=\"https:\/\/www.tyreso.se\/boende--miljo\/avfall-och-atervinning\/textil.html\" rel=\"nofollow noopener\" target=\"_blank\">L\u00e4s mer om textilinsamling i Tyres\u00f6<\/a><\/p>\n<p class=\"font-normal\">Tillsammans g\u00f6r vi skillnad f\u00f6r milj\u00f6n!<\/p>\n","protected":false},"excerpt":{"rendered":"Detta g\u00e4ller fr\u00e5n 1 oktober 2025: Hela och rena textilier som kan anv\u00e4ndas igen ska du fortfarande l\u00e4mna&hellip;\n","protected":false},"author":2,"featured_media":39025,"comment_status":"","ping_status":"","sticky":false,"template":"","format":"standard","meta":{"footnotes":""},"categories":[65],"tags":[72,70,71,4090,4091,34,31,33,32,30,4089,4092],"class_list":{"0":"post-39024","1":"post","2":"type-post","3":"status-publish","4":"format-standard","5":"has-post-thumbnail","7":"category-ekonomi","8":"tag-business","9":"tag-economy","10":"tag-ekonomi","11":"tag-klader","12":"tag-nya-regler","13":"tag-se","14":"tag-svenska","15":"tag-sverige","16":"tag-sweden","17":"tag-swedish","18":"tag-textil","19":"tag-trasig-textil"},"share_on_mastodon":{"url":"","error":""},"_links":{"self":[{"href":"https:\/\/www.europesays.com\/se\/wp-json\/wp\/v2\/posts\/39024","targetHints":{"allow":["GET"]}}],"collection":[{"href":"https:\/\/www.europesays.com\/se\/wp-json\/wp\/v2\/posts"}],"about":[{"href":"https:\/\/www.europesays.com\/se\/wp-json\/wp\/v2\/types\/post"}],"author":[{"embeddable":true,"href":"https:\/\/www.europesays.com\/se\/wp-json\/wp\/v2\/users\/2"}],"replies":[{"embeddable":true,"href":"https:\/\/www.europesays.com\/se\/wp-json\/wp\/v2\/comments?post=39024"}],"version-history":[{"count":0,"href":"https:\/\/www.europesays.com\/se\/wp-json\/wp\/v2\/posts\/39024\/revisions"}],"wp:featuredmedia":[{"embeddable":true,"href":"https:\/\/www.europesays.com\/se\/wp-json\/wp\/v2\/media\/39025"}],"wp:attachment":[{"href":"https:\/\/www.europesays.com\/se\/wp-json\/wp\/v2\/media?parent=39024"}],"wp:term":[{"taxonomy":"category","embeddable":true,"href":"https:\/\/www.europesays.com\/se\/wp-json\/wp\/v2\/categories?post=39024"},{"taxonomy":"post_tag","embeddable":true,"href":"https:\/\/www.europesays.com\/se\/wp-json\/wp\/v2\/tags?post=39024"}],"curies":[{"name":"wp","href":"https:\/\/api.w.org\/{rel}","templated":true}]}}