{"id":39514,"date":"2025-09-25T15:01:08","date_gmt":"2025-09-25T15:01:08","guid":{"rendered":"https:\/\/www.europesays.com\/se\/39514\/"},"modified":"2025-09-25T15:01:08","modified_gmt":"2025-09-25T15:01:08","slug":"chania-lundgren-och-emanuel-mathisen-frias-for-grovt-vallande-efter-dubbelmordet-i-pitea","status":"publish","type":"post","link":"https:\/\/www.europesays.com\/se\/39514\/","title":{"rendered":"Chania Lundgren och Emanuel Mathisen frias f\u00f6r grovt v\u00e5llande efter dubbelmordet i Pite\u00e5"},"content":{"rendered":"<p>Tv\u00e5 m\u00e4n hittades i slutet av januari d\u00f6dade i sitt hem.\u00a0<\/p>\n<p>Chania Lundgren, 32, och Emanuel Mathisen, 40, d\u00f6mdes i tingsr\u00e4tten f\u00f6r grovt v\u00e5llande till annans d\u00f6d.\u00a0<\/p>\n<p>Av hovr\u00e4tten frias de nu fr\u00e5n inblandning i morden och d\u00f6ms bara f\u00f6r grovt r\u00e5n. \u00a0<\/p>\n<p>Senaste nyhetsklippen fr\u00e5n Expressen.<img   alt=\"\"\/><\/p>\n<p>Chania Lundgren, 32, frias f\u00f6r grovt v\u00e5llande till annans d\u00f6d.<\/p>\n<p>Foto: Polisen<\/p>\n<p>\u00d6ppna bild i helsk\u00e4rm<img loading=\"lazy\"   alt=\"\"\/><\/p>\n<p>Emanuel Mathisen frias ocks\u00e5 f\u00f6r grovt v\u00e5llande till annans d\u00f6d.<\/p>\n<p>Foto: Polisen<\/p>\n<p>\u00d6ppna bild i helsk\u00e4rm<img loading=\"lazy\"   alt=\"\"\/><\/p>\n<p>Emanuel Mathisen och Chania Lundgren p\u00e5 dagen f\u00f6r mordet.<\/p>\n<p>Foto: Polisen<\/p>\n<p>\u00d6ppna bild i helsk\u00e4rm<\/p>\n<p>Chania Lundgren, 32, och Emanuel Mathisen, 40, d\u00f6mdes av Lule\u00e5 tingsr\u00e4tt till \u00e5tta \u00e5rs f\u00e4ngelse vardera f\u00f6r grovt v\u00e5llande till annans d\u00f6d efter att tv\u00e5 m\u00e4n, 60 och 65 \u00e5r gamla, m\u00f6rdats i sitt hem i Pite\u00e5.\u00a0<\/p>\n<p>De m\u00f6rdades av Jonathan Johansson-Kangas, 33, som h\u00f6gg dem 74 g\u00e5nger, n\u00e4r Chaina Lundgren och Emanuel Mathisen gick f\u00f6r att ta ut pengar.\u00a0<\/p>\n<p>Tingsr\u00e4tten fann Lundgren och Mathisen skyldiga till grovt v\u00e5llande till annans d\u00f6d d\u00e5 de vetat om att Johansson-Kangas var labil, aggressiv och med en historik av psykisk oh\u00e4lsa.<\/p>\n<p>Nu frias de fr\u00e5n inblandningen i mordet av hovr\u00e4tten f\u00f6r \u00f6vre Norrland.\u00a0<\/p>\n<p>Inte en f\u00f6ljd av oaktsamhet<\/p>\n<p>Hovr\u00e4tten skriver i domslutet att mordet m\u00f6jligg\u00f6rs dels av att Lundgren och Mathisen s\u00e4tter de h\u00e4r h\u00e4ndelserna i rullning och att de l\u00e4mnar Johansson-Kangas ensam med offren, men till\u00e4gger att det inte \u00e4r tillr\u00e4ckligt.\u00a0<\/p>\n<p>\u201d\u00c4ven om Emanuel Mathisen och Chania Lundgren visserligen l\u00e4mnat kvar Jonathan Johansson-Kangas p\u00e5 platsen f\u00f6r att kunna genomf\u00f6ra den sista \u00f6verf\u00f6ringen anser hovr\u00e4tten att f\u00f6ljden, dvs. att Jonathan Johansson-Kangas ber\u00f6vat m\u00e5ls\u00e4gandena livet \u00e4r s\u00e5 avl\u00e4gsen att det inte kan s\u00e4gas finnas ett orsakssamband mellan denna och den ovan n\u00e4mnda oaktsamheten. Med andra ord har XX och XX d\u00f6dsfall inte varit en relevant f\u00f6ljd av oaktsamheten\u201d.<\/p>\n<p>De d\u00f6ms fortsatt f\u00f6r r\u00e5n, som betecknas som grovt, till fem \u00e5rs f\u00e4ngelse.\u00a0<\/p>\n<p>Jonathan Johansson-Kangas livstidsdom f\u00f6r mord fastst\u00e4lls av hovr\u00e4tten.\u00a0<\/p>\n<p><img alt=\"\"\/>Ljudklippet gick inte att spela upp<\/p>\n<p>F\u00f6rs\u00f6k igen senare<\/p>\n","protected":false},"excerpt":{"rendered":"Tv\u00e5 m\u00e4n hittades i slutet av januari d\u00f6dade i sitt hem.\u00a0 Chania Lundgren, 32, och Emanuel Mathisen, 40,&hellip;\n","protected":false},"author":2,"featured_media":39515,"comment_status":"","ping_status":"","sticky":false,"template":"","format":"standard","meta":{"footnotes":""},"categories":[12],"tags":[22,23,26,27,17,21,24,25,28,29,15,4139,16,18,34,154,31,33,32,30,19,436,20],"class_list":{"0":"post-39514","1":"post","2":"type-post","3":"status-publish","4":"format-standard","5":"has-post-thumbnail","7":"category-sverige","8":"tag-breaking-news","9":"tag-breakingnews","10":"tag-featured-news","11":"tag-featurednews","12":"tag-headlines","13":"tag-huvudnyheter","14":"tag-latest-news","15":"tag-latestnews","16":"tag-main-news","17":"tag-mainnews","18":"tag-news","19":"tag-newsstory-misstankta-dubbelmordet-i-pitea","20":"tag-nyheter","21":"tag-rubriker","22":"tag-se","23":"tag-sections-sverige","24":"tag-svenska","25":"tag-sverige","26":"tag-sweden","27":"tag-swedish","28":"tag-top-stories","29":"tag-topic-valdsbrott-mord","30":"tag-topstories"},"share_on_mastodon":{"url":"","error":""},"_links":{"self":[{"href":"https:\/\/www.europesays.com\/se\/wp-json\/wp\/v2\/posts\/39514","targetHints":{"allow":["GET"]}}],"collection":[{"href":"https:\/\/www.europesays.com\/se\/wp-json\/wp\/v2\/posts"}],"about":[{"href":"https:\/\/www.europesays.com\/se\/wp-json\/wp\/v2\/types\/post"}],"author":[{"embeddable":true,"href":"https:\/\/www.europesays.com\/se\/wp-json\/wp\/v2\/users\/2"}],"replies":[{"embeddable":true,"href":"https:\/\/www.europesays.com\/se\/wp-json\/wp\/v2\/comments?post=39514"}],"version-history":[{"count":0,"href":"https:\/\/www.europesays.com\/se\/wp-json\/wp\/v2\/posts\/39514\/revisions"}],"wp:featuredmedia":[{"embeddable":true,"href":"https:\/\/www.europesays.com\/se\/wp-json\/wp\/v2\/media\/39515"}],"wp:attachment":[{"href":"https:\/\/www.europesays.com\/se\/wp-json\/wp\/v2\/media?parent=39514"}],"wp:term":[{"taxonomy":"category","embeddable":true,"href":"https:\/\/www.europesays.com\/se\/wp-json\/wp\/v2\/categories?post=39514"},{"taxonomy":"post_tag","embeddable":true,"href":"https:\/\/www.europesays.com\/se\/wp-json\/wp\/v2\/tags?post=39514"}],"curies":[{"name":"wp","href":"https:\/\/api.w.org\/{rel}","templated":true}]}}