{"id":39529,"date":"2025-09-25T15:20:06","date_gmt":"2025-09-25T15:20:06","guid":{"rendered":"https:\/\/www.europesays.com\/se\/39529\/"},"modified":"2025-09-25T15:20:06","modified_gmt":"2025-09-25T15:20:06","slug":"ebba-andersson-jag-blev-valdigt-forvanad-langdskidor","status":"publish","type":"post","link":"https:\/\/www.europesays.com\/se\/39529\/","title":{"rendered":"Ebba Andersson: \u201dJag blev v\u00e4ldigt f\u00f6rv\u00e5nad\u201d | L\u00e4ngdskidor"},"content":{"rendered":"<p>Publicerad 25 sep 2025 kl 16.38Uppdaterad kl 17.05<\/p>\n<p>F\u00f6r fem m\u00e5nader sedan \u00e5kte Victoria Carl fast f\u00f6r doping.<\/p>\n<p>Ebba Andersson h\u00e4pnade \u00f6ver beskedet.<\/p>\n<p>\u2013 Det var lika chockerande f\u00f6r mig som f\u00f6r er, s\u00e4ger hon.<\/p>\n<p><img   alt=\"\"\/> <\/p>\n<p>Foto: HARALD STEINER \/ GEPA PICTURES \/ BILDBYR\u00c5N<\/p>\n<p>\u00d6ppna bild i helsk\u00e4rm<\/p>\n<p>OS-klockan tickar ner\u00e5t.<\/p>\n<p>Om drygt fem m\u00e5nader inleds den 25:e upplagan av vinter-OS i Milano och Cortina.<\/p>\n<p><a href=\"https:\/\/www.expressen.se\/tagg\/person\/ebba-andersson\/\" class=\"\" rel=\"nofollow noopener\" target=\"_blank\">Ebba Andersson<\/a> ligger f\u00f6rst\u00e5s i h\u00e5rdtr\u00e4ning. Med ett individuellt anpassat program, d\u00e4r bland annat h\u00f6gh\u00f6jdstr\u00e4ning valts bort till f\u00f6rm\u00e5n f\u00f6r annan tr\u00e4ning, f\u00f6rbereder hon sig s\u00e5 gott hon kan inf\u00f6r startskottet i Val di Fiemme.<\/p>\n<p>Men oavsett hur minut\u00f6st tr\u00e4ningsschemat ser ut \u2013 s\u00e5 finns det en faktor som inte g\u00e5r att f\u00f6rutse.<\/p>\n<p>Sjukdomar.<\/p>\n<p>\u2013 Det kommer inte g\u00e5 att undvika det till hundra procent. Men kan man minimera exponeringstillf\u00e4llena \u00e4r det bra. Det \u00e4r dumt att g\u00e5 runt och oroa sig i on\u00f6dan, \u00e4ven om man vet att risken finns. Man f\u00e5r f\u00f6rs\u00f6ka ducka det s\u00e5 gott man kan, s\u00e4ger Ebba Andersson.<\/p>\n<p><strong>Brukar du isolera dig?<\/strong><\/p>\n<p>\u2013 In mot ett m\u00e4sterskap, ja. N\u00e4r januari och februari kommer ser ni mig mest bara hemma eller ute p\u00e5 tr\u00e4ning. Just nu handlar det om att ha den sociala kontakten i rimlig m\u00e4ngd.<\/p>\n<p>Ebba Andersson ser sig omkring. Just den h\u00e4r dagen omringas hon av journalister, n\u00e4r OS-kollektionen presenteras i centrala Stockholm.<\/p>\n<p>Hon forts\u00e4tter:<\/p>\n<p>\u2013 Man f\u00f6rs\u00f6ker att ducka det som g\u00e5r. Om jag h\u00f6r en hostning eller sn\u00f6rvling tar jag tolv steg h\u00e4rifr\u00e5n, s\u00e4ger hon med ett brett leende.<\/p>\n<p>Om Carls dopingbesked: \u201dChockerande\u201d<\/p>\n<p>Att bli sjuk n\u00e4ra inp\u00e5 ett stort m\u00e4sterskap \u00e4r en elitidrottares mardr\u00f6m.\u00a0<\/p>\n<p>F\u00f6r den tyska l\u00e4ngdstj\u00e4rnan Victoria Carl utvecklades det till mer \u00e4n en mardr\u00f6m.<\/p>\n<p>I slutet av juni testade 30-\u00e5ringen positivt f\u00f6r doping.\u00a0<\/p>\n<p>Victoria Carl ska ha f\u00e5tt i sig den f\u00f6rbjudna substansen Clenbuterol genom hostmedicinen Spasmo mucosulvan, som hon tog n\u00e4r hon var sjuk under de milit\u00e4ra vinterspelen i mars. Det tyska skidf\u00f6rbundet anser att Carl, som har ett OS-guld i sprintstafett, \u00e4r oskyldig.<\/p>\n<p>Dopingbeskedet fick flera l\u00e4ngdfanatiker att s\u00e4tta kaffet i vr\u00e5ngstrupen, d\u00e4ribland Ebba Andersson.<\/p>\n<p>\u2013 Jag blev v\u00e4ldigt f\u00f6rv\u00e5nad. Det var lika chockerande f\u00f6r mig som f\u00f6r er. S\u00e5 blir det ofta n\u00e4r det sker en s\u00e5n h\u00e4r sak av den kalibern, s\u00e4ger hon.\u00a0<\/p>\n<p>Med OS runt h\u00f6rnet, \u00e4r det alltj\u00e4mt oklart huruvida Victoria Carl kommer f\u00e5 st\u00e5 p\u00e5 startlinjen eller ej.<\/p>\n<p>\u2013 Just nu verkar det vara ett v\u00e4ldigt oklart fall. De har v\u00e4l inte kommit fram till n\u00e5got vad g\u00e4ller henne? Det \u00e4r bara att v\u00e4nta och se t\u00e4nker jag, s\u00e4ger Ebba Andersson.<\/p>\n<p>Clenbuterol<\/p>\n<p>Clenbuterol dopingklassat av Wada, d\u00e5 det kan ge en \u00f6kad muskelmassa, minska kroppsfett och f\u00f6rb\u00e4ttra syreupptagningsf\u00f6rm\u00e5gan. \u00a0<\/p>\n<p>Ett av de mest uppm\u00e4rksammade fallen med \u00e4mnet \u00e4r den spanske cyklisten Alberto Contador, som testade positivt i Tour de France 2010, och st\u00e4ngdes av i tv\u00e5 \u00e5r. Han h\u00e4vdade att testresultatet berodde p\u00e5 att han \u00e4tit kontaminerat k\u00f6tt.\u00a0<\/p>\n<p>Visa mer<strong>L\u00c4S MER: <\/strong><a href=\"https:\/\/www.expressen.se\/sport\/langdskidor\/avslojar-johaugs-logn-efter-sju-manader\/\" class=\"\" rel=\"nofollow noopener\" target=\"_blank\">Avsl\u00f6jar Johaugs l\u00f6gn \u2013 efter sju m\u00e5nader<\/a><\/p>\n","protected":false},"excerpt":{"rendered":"Publicerad 25 sep 2025 kl 16.38Uppdaterad kl 17.05 F\u00f6r fem m\u00e5nader sedan \u00e5kte Victoria Carl fast f\u00f6r doping.&hellip;\n","protected":false},"author":2,"featured_media":39530,"comment_status":"","ping_status":"","sticky":false,"template":"","format":"standard","meta":{"footnotes":""},"categories":[68],"tags":[4140,34,857,111,110,31,33,32,30],"class_list":{"0":"post-39529","1":"post","2":"type-post","3":"status-publish","4":"format-standard","5":"has-post-thumbnail","7":"category-sport","8":"tag-person-ebba-andersson","9":"tag-se","10":"tag-sections-langdskidor","11":"tag-sport","12":"tag-sports","13":"tag-svenska","14":"tag-sverige","15":"tag-sweden","16":"tag-swedish"},"share_on_mastodon":{"url":"","error":""},"_links":{"self":[{"href":"https:\/\/www.europesays.com\/se\/wp-json\/wp\/v2\/posts\/39529","targetHints":{"allow":["GET"]}}],"collection":[{"href":"https:\/\/www.europesays.com\/se\/wp-json\/wp\/v2\/posts"}],"about":[{"href":"https:\/\/www.europesays.com\/se\/wp-json\/wp\/v2\/types\/post"}],"author":[{"embeddable":true,"href":"https:\/\/www.europesays.com\/se\/wp-json\/wp\/v2\/users\/2"}],"replies":[{"embeddable":true,"href":"https:\/\/www.europesays.com\/se\/wp-json\/wp\/v2\/comments?post=39529"}],"version-history":[{"count":0,"href":"https:\/\/www.europesays.com\/se\/wp-json\/wp\/v2\/posts\/39529\/revisions"}],"wp:featuredmedia":[{"embeddable":true,"href":"https:\/\/www.europesays.com\/se\/wp-json\/wp\/v2\/media\/39530"}],"wp:attachment":[{"href":"https:\/\/www.europesays.com\/se\/wp-json\/wp\/v2\/media?parent=39529"}],"wp:term":[{"taxonomy":"category","embeddable":true,"href":"https:\/\/www.europesays.com\/se\/wp-json\/wp\/v2\/categories?post=39529"},{"taxonomy":"post_tag","embeddable":true,"href":"https:\/\/www.europesays.com\/se\/wp-json\/wp\/v2\/tags?post=39529"}],"curies":[{"name":"wp","href":"https:\/\/api.w.org\/{rel}","templated":true}]}}